{"id":2319,"date":"2026-09-04T07:49:00","date_gmt":"2026-09-04T06:49:00","guid":{"rendered":"https:\/\/www.centreclea.fr\/conseils\/?p=2319"},"modified":"2026-09-04T07:49:00","modified_gmt":"2026-09-04T06:49:00","slug":"cephalee-tension-vertiges-causes-solutions","status":"publish","type":"post","link":"https:\/\/www.centreclea.fr\/conseils\/cephalee-tension-vertiges-causes-solutions\/","title":{"rendered":"C\u00e9phal\u00e9e de tension et vertiges : comment les soulager ?"},"content":{"rendered":"<p style='padding: 24px; background: lightblue;'>L&rsquo;essentiel \u00e0 retenir : la <strong>c\u00e9phal\u00e9e de tension se distingue par une pression bilat\u00e9rale constante<\/strong>, souvent li\u00e9e \u00e0 des contractures cervicales et au stress. Contrairement \u00e0 la migraine, elle provoque une <strong>instabilit\u00e9 posturale plut\u00f4t que de vrais vertiges rotatoires<\/strong>. Identifier ces tensions musculaires vous permet d&rsquo;agir efficacement via l&rsquo;ergonomie et la relaxation pour retrouver un \u00e9quilibre durable sans abus m\u00e9dicamenteux.<\/p>\n<p><strong>La c\u00e9phal\u00e9e de tension est le mal de t\u00eate le plus fr\u00e9quent<\/strong> et touche une immense partie de la population \u00e0 un moment de leur vie. Cette douleur diffuse, souvent compar\u00e9e \u00e0 un \u00e9tau qui serre le cr\u00e2ne, peut s&rsquo;installer durant plusieurs jours sans pour autant vous emp\u00eacher de travailler.<\/p>\n<p>Pourtant, quand une sensation d&rsquo;instabilit\u00e9 ou des vertiges s&rsquo;ajoutent \u00e0 cette pression, l&rsquo;inqui\u00e9tude grimpe et on finit par se sentir totalement d\u00e9sorient\u00e9 au quotidien. Cet article va vous aider \u00e0 <strong>comprendre le lien entre c\u00e9phal\u00e9e de tension et vertiges<\/strong> afin de retrouver un \u00e9quilibre durable gr\u00e2ce \u00e0 des solutions concr\u00e8tes.<\/p>\n<ol>\n<li><a href=\"#comprendre-la-cephalee-de-tension-et-ses-vertiges-associes\">Comprendre la c\u00e9phal\u00e9e de tension et ses vertiges associ\u00e9s<\/a><\/li>\n<li><a href=\"#distinguer-une-simple-tension-d-une-migraine-invalidante\">Distinguer une simple tension d&rsquo;une migraine invalidante<\/a><\/li>\n<li><a href=\"#identifier-les-coupables-derriere-vos-maux-tete\">Identifier les coupables derri\u00e8re vos maux de t\u00eate<\/a><\/li>\n<li><a href=\"#solutions-concretes-pour-apaiser-vos-tensions-naturellement\">Solutions concr\u00e8tes pour apaiser vos tensions naturellement<\/a><\/li>\n<li><a href=\"#quand-consulter-medecin-urgence\">\u00c0 quel moment devez-vous consulter un m\u00e9decin en urgence ?<\/a><\/li>\n<\/ol>\n<h2 id=\"comprendre-la-cephalee-de-tension-et-ses-vertiges-associes\">Comprendre la c\u00e9phal\u00e9e de tension et ses vertiges associ\u00e9s<\/h2>\n<p>La c\u00e9phal\u00e9e de tension se d\u00e9finit par une pression bilat\u00e9rale non pulsatile, souvent li\u00e9e \u00e0 des contractures cervicales. Si elle n&rsquo;induit pas de vrais vertiges rotatoires, elle provoque une <strong>instabilit\u00e9 posturale marqu\u00e9e<\/strong>. Cette sensation physique d\u00e9bute souvent par une douleur sourde qui s&rsquo;installe comme un \u00e9tau.<\/p>\n<h3>La sensation d&rsquo;\u00e9tau et les signes physiques typiques<\/h3>\n<p>Vous ressentez une pression constante, comme si un bandeau trop serr\u00e9 entourait votre cr\u00e2ne. <strong>Cette douleur bilat\u00e9rale touche simultan\u00e9ment votre front et votre nuque.<\/strong> Contrairement \u00e0 d&rsquo;autres maux, elle ne suit pas les battements de votre c\u0153ur.<\/p>\n<p>Vous ne subirez pas de naus\u00e9es violentes ni de photophobie intense. Le bruit et la lumi\u00e8re restent globalement supportables au quotidien. Votre \u00e9tat n&rsquo;affiche aucun <strong>signe neurologique lourd<\/strong> malgr\u00e9 l&rsquo;inconfort persistant.<\/p>\n<blockquote><p>La c\u00e9phal\u00e9e de tension se manifeste par une douleur sourde et constante, souvent compar\u00e9e \u00e0 un bandeau trop serr\u00e9 autour de la t\u00eate, sans caract\u00e8re pulsatile marqu\u00e9.<\/p><\/blockquote>\n<div class=\"wwc\" x-cloak x-data=\"{&quot;title&quot;:&quot;Testez vos connaissances sur la c\u00e9phal\u00e9e de tension&quot;,&quot;subtitle&quot;:&quot;&quot;,&quot;progressFormat&quot;:&quot;Question {current} sur {total}&quot;,&quot;finishedTitle&quot;:&quot;R\u00e9sultat final&quot;,&quot;congratsMessage&quot;:&quot;\ud83c\udf89 Bravo, vous avez termin\u00e9 le quiz !&quot;,&quot;scoreLabel&quot;:&quot;Votre score&quot;,&quot;nextButtonLabel&quot;:&quot;Question suivante \u2192&quot;,&quot;seeResultButtonLabel&quot;:&quot;Voir le r\u00e9sultat&quot;,&quot;restartButtonLabel&quot;:&quot;Recommencer&quot;,&quot;correctIcon&quot;:&quot;\u2705&quot;,&quot;wrongIcon&quot;:&quot;\u274c&quot;,&quot;questions&quot;:[{&quot;q&quot;:&quot;La c\u00e9phal\u00e9e de tension se caract\u00e9rise g\u00e9n\u00e9ralement par quel type de douleur ?&quot;,&quot;options&quot;:[&quot;Une douleur pulsatile et unilat\u00e9rale&quot;,&quot;Une sensation de pression bilat\u00e9rale en \u00e9tau&quot;,&quot;Une douleur \u00e9lectrique tr\u00e8s br\u00e8ve&quot;,&quot;Une douleur localis\u00e9e uniquement derri\u00e8re un \u0153il&quot;],&quot;correct&quot;:1},{&quot;q&quot;:&quot;La c\u00e9phal\u00e9e de tension provoque-t-elle g\u00e9n\u00e9ralement des vertiges rotatoires vrais ?&quot;,&quot;options&quot;:[&quot;Oui, syst\u00e9matiquement&quot;,&quot;Oui, si la douleur est forte&quot;,&quot;Non, elle provoque plut\u00f4t une instabilit\u00e9 posturale&quot;,&quot;Seulement chez les personnes \u00e2g\u00e9es&quot;],&quot;correct&quot;:2},{&quot;q&quot;:&quot;Quel facteur est souvent impliqu\u00e9 dans la sensation d'instabilit\u00e9 li\u00e9e aux c\u00e9phal\u00e9es de tension ?&quot;,&quot;options&quot;:[&quot;Une infection de l'oreille interne&quot;,&quot;Des contractures des muscles cervicaux&quot;,&quot;Une baisse de la tension art\u00e9rielle&quot;,&quot;Un probl\u00e8me de vue non corrig\u00e9&quot;],&quot;correct&quot;:1},{&quot;q&quot;:&quot;Quelle est la diff\u00e9rence majeure entre la migraine et la c\u00e9phal\u00e9e de tension ?&quot;,&quot;options&quot;:[&quot;La migraine est plus courte&quot;,&quot;La c\u00e9phal\u00e9e de tension n'est pas aggrav\u00e9e par la lumi\u00e8re ou le bruit intense&quot;,&quot;La migraine ne fait pas mal&quot;,&quot;La c\u00e9phal\u00e9e de tension est toujours plus intense&quot;],&quot;correct&quot;:1}],&quot;current&quot;:0,&quot;score&quot;:0,&quot;selected&quot;:-1,&quot;showFeedback&quot;:false,&quot;finished&quot;:false}\">\n<div class=\"wwc-header\">\n<div class=\"wwc-title\" x-text=\"title\"><\/div>\n<div class=\"wwc-subtitle\" x-show=\"!finished\" x-text=\"subtitle || progressFormat.replace('{current}', current + 1).replace('{total}', questions.length)\"><\/div>\n<div class=\"wwc-subtitle\" x-show=\"finished\" x-text=\"finishedTitle\"><\/div>\n<\/p><\/div>\n<div class=\"wwc-body\" x-show=\"!finished\">\n<p x-text=\"questions[current].q\">\n<div class=\"wwc-grid\" style=\"--wwc-grid-cols: 1;\">\n <template x-for=\"(opt, i) in questions[current].options\" x-bind:key=\"i\"><\/p>\n<div style=\"display:contents\">\n <button class=\"wwc-secondary\" x-bind:disabled=\"showFeedback\" x-on:click=\"!showFeedback &amp;&amp; ((selected = i) || true) &amp;&amp; (showFeedback = true) &amp;&amp; (i === questions[current].correct ? score++ : 0)\"><br \/>\n <span x-text=\"opt\"><\/span><br \/>\n <span x-show=\"showFeedback &amp;&amp; i === questions[current].correct\" x-text=\"' ' + correctIcon\"><\/span><br \/>\n <span x-show=\"showFeedback &amp;&amp; i === selected &amp;&amp; i !== questions[current].correct\" x-text=\"' ' + wrongIcon\"><\/span><br \/>\n <\/button>\n <\/div>\n<p> <\/template>\n <\/div>\n<\/p><\/div>\n<div class=\"wwc-body\" x-show=\"finished\">\n<p x-text=\"congratsMessage\">\n<div class=\"wwc-grid\" style=\"--wwc-grid-cols: 1;\">\n<div class=\"wwc-column wwc-metric wwc-icon-pro\">\n<div class=\"wwc-title\"><span x-text=\"score\"><\/span> \/ <span x-text=\"questions.length\"><\/span><\/div>\n<p x-text=\"scoreLabel\">\n<\/p><\/div>\n<\/p><\/div>\n<\/p><\/div>\n<div class=\"wwc-footer\" x-show=\"showFeedback || finished\">\n <button x-show=\"!finished\" x-on:click=\"current === questions.length - 1 ? (finished = true) : (((current++) || true) &amp;&amp; ((selected = -1) || true) &amp;&amp; (showFeedback = false))\" x-text=\"current === questions.length - 1 ? seeResultButtonLabel : nextButtonLabel\"><\/button><br \/>\n <button x-show=\"finished\" x-on:click=\"((current = 0) || true) &amp;&amp; ((score = 0) || true) &amp;&amp; ((selected = -1) || true) &amp;&amp; ((showFeedback = false) || true) &amp;&amp; ((finished = false) || true)\" x-text=\"restartButtonLabel\"><\/button>\n <\/div>\n<\/div>\n<h3>Pourquoi les vertiges s&rsquo;invitent parfois dans la danse<\/h3>\n<p>Il faut distinguer le vrai vertige rotatoire de la simple instabilit\u00e9. Une c\u00e9phal\u00e9e pure ne fera jamais tourner la pi\u00e8ce autour de vous. C&rsquo;est une nuance de taille pour votre diagnostic.<\/p>\n<p>Pourtant, vos muscles du cou jouent un r\u00f4le majeur. Des contractures cervicales s\u00e9v\u00e8res perturbent vos capteurs de position. Cela cr\u00e9e alors ce <strong>flou visuel ou ce d\u00e9s\u00e9quilibre passager<\/strong> si angoissant pour vous.<\/p>\n<p>En fait, ces <a href=\"https:\/\/www.centreclea.fr\/conseils\/maux-tete-nuque-raide\/\"><strong>maux de t\u00eate et nuque raide<\/strong><\/a> confirment souvent l&rsquo;origine cervicale. Vos tensions musculaires agissent directement sur votre \u00e9quilibre. Prenez soin de votre posture pour calmer ces sympt\u00f4mes.<\/p>\n<h2 id=\"distinguer-une-simple-tension-d-une-migraine-invalidante\">Distinguer une simple tension d&rsquo;une migraine invalidante<\/h2>\n<p>Apr\u00e8s avoir identifi\u00e9 les sensations physiques de base, il est crucial de <strong>ne pas confondre cette tension avec une crise migraineuse<\/strong> dont le m\u00e9canisme diff\u00e8re totalement.<\/p>\n<h3>La nature de la douleur : pulsatile ou diffuse ?<\/h3>\n<p><strong>La migraine se manifeste par un mart\u00e8lement unilat\u00e9ral intense<\/strong>. Vous ressentez souvent comme un c\u0153ur qui bat dans une tempe pr\u00e9cise. \u00c0 l&rsquo;inverse, la tension impose une pression diffuse et constante.<\/p>\n<p><strong>L&rsquo;effort physique change tout<\/strong>. Une simple marche aggrave souvent la migraine. La c\u00e9phal\u00e9e de tension vous permet g\u00e9n\u00e9ralement de continuer vos activit\u00e9s, malgr\u00e9 un inconfort certain et une sensation de serrage.<\/p>\n<p>Pour trouver un <a href=\"https:\/\/www.centreclea.fr\/conseils\/remede-migraine-naturel\/\"><strong>soulagement des crises migraineuses<\/strong><\/a>, il faut agir vite. Identifiez bien si la douleur est pulsatile. C&rsquo;est le premier pas vers le bon rem\u00e8de.<\/p>\n<h3>Signes associ\u00e9s : le r\u00f4le des sens et de l&rsquo;estomac<\/h3>\n<p>Identifiez vos sympt\u00f4mes digestifs et sensoriels. La <strong>migraine s&rsquo;accompagne fr\u00e9quemment de vomissements<\/strong>. Vous pouvez aussi ressentir une intol\u00e9rance totale \u00e0 la lumi\u00e8re. Ces signes sont absents ou tr\u00e8s l\u00e9gers dans les c\u00e9phal\u00e9es de tension classiques.<\/p>\n<p>La migraine peut inclure une <a href=\"https:\/\/www.centreclea.fr\/conseils\/migraine-vestibulaire\/\">migraine vestibulaire chronique<\/a>. Cela provoque des <strong>vertiges complexes et un d\u00e9s\u00e9quilibre marqu\u00e9<\/strong>. C&rsquo;est un crit\u00e8re de diff\u00e9renciation majeur pour votre diagnostic.<\/p>\n<p>Ressentez-vous des \u00e9clairs visuels ? Il s&rsquo;agit probablement d&rsquo;une <strong>aura migraineuse<\/strong>. La simple tension ne provoque jamais ce type de flash.<\/p>\n<h3>Le crit\u00e8re de la dur\u00e9e et de la fr\u00e9quence<\/h3>\n<p><strong>Comparez la temporalit\u00e9<\/strong> de vos crises. Une migraine dure g\u00e9n\u00e9ralement de quelques heures \u00e0 trois jours. Les tensions musculaires peuvent s&rsquo;installer sur une semaine enti\u00e8re sans interruption notable.<\/p>\n<p>D\u00e9finissons le seuil de chronicit\u00e9. On parle de <strong>c\u00e9phal\u00e9e chronique lorsque la douleur est pr\u00e9sente plus de quinze jours par mois<\/strong>. Cela doit durer pendant au moins un trimestre complet.<\/p>\n<div style=\"overflow:auto;max-width:100%\">\n<table>\n<tr>\n<th>Caract\u00e9ristique<\/th>\n<th>C\u00e9phal\u00e9e de tension<\/th>\n<th>Migraine<\/th>\n<\/tr>\n<tr>\n<td>Localisation<\/td>\n<td>Bilat\u00e9rale (deux c\u00f4t\u00e9s)<\/td>\n<td>Unilat\u00e9rale (un seul c\u00f4t\u00e9)<\/td>\n<\/tr>\n<tr>\n<td>Type de douleur<\/td>\n<td>Pression constante<\/td>\n<td>Pulsatile (battements)<\/td>\n<\/tr>\n<tr>\n<td>Signes digestifs<\/td>\n<td>Absents<\/td>\n<td>Naus\u00e9es et vomissements<\/td>\n<\/tr>\n<tr>\n<td>Activit\u00e9 physique<\/td>\n<td>Pas d&rsquo;aggravation<\/td>\n<td>Aggravation de la douleur<\/td>\n<\/tr>\n<\/table>\n<\/div>\n<h2 id=\"identifier-les-coupables-derriere-vos-maux-tete\">Identifier les coupables derri\u00e8re vos maux de t\u00eate<\/h2>\n<p>Une fois le diagnostic clarifi\u00e9, il faut se pencher sur <strong>les causes r\u00e9elles qui d\u00e9clenchent ces crises de tension<\/strong> au quotidien.<\/p>\n<h3>Le r\u00f4le du stress et de l&rsquo;anxi\u00e9t\u00e9 sur vos nerfs<\/h3>\n<p>L&rsquo;anxi\u00e9t\u00e9 provoque une contraction involontaire des muscles p\u00e9ricr\u00e2niens. Cette somatisation transforme votre tension nerveuse en une <strong>douleur physique oppressante<\/strong>. Vous ressentez alors un v\u00e9ritable \u00e9tau qui serre votre cr\u00e2ne de mani\u00e8re diffuse et constante.<\/p>\n<p>Le stress chronique sature votre syst\u00e8me nerveux. Cela peut amplifier l&rsquo;instabilit\u00e9 ressentie. Une bonne <a>gestion du stress<\/a> est donc primordiale pour <strong>apaiser vos nerfs durablement<\/strong>.<\/p>\n<p>Le repos seul ne suffit pas. Si votre angoisse mentale persiste durant la journ\u00e9e, <strong>les muscles restent contract\u00e9s<\/strong> malgr\u00e9 le sommeil.<\/p>\n<h3>Posture au travail et blocages musculaires cervicaux<\/h3>\n<p>Une mauvaise inclinaison du cou devant les \u00e9crans sollicite trop vos trap\u00e8zes. Cette fatigue musculaire remonte vers la base du cr\u00e2ne. <strong>Elle finit par irradier vers vos tempes<\/strong>.<\/p>\n<p>Les tensions du dos sont intimement li\u00e9es \u00e0 votre t\u00eate. Une <a>douleur \u00e0 l&rsquo;\u00e9pine dorsale<\/a> peut ainsi d\u00e9clencher des c\u00e9phal\u00e9es. Il faut <strong>agir sur l&rsquo;ensemble de la cha\u00eene posturale<\/strong>.<\/p>\n<ul>\n<li><strong>\u00c9cran trop bas<\/strong><\/li>\n<li><strong>Absence d&rsquo;appui-bras<\/strong><\/li>\n<li><strong>Chaise non r\u00e9gl\u00e9e<\/strong><\/li>\n<li><strong>T\u00e9l\u00e9phone coinc\u00e9<\/strong> entre l&rsquo;\u00e9paule et l&rsquo;oreille<\/li>\n<\/ul>\n<h3>L&rsquo;impact insidieux de la fatigue visuelle et de la m\u00e2choire<\/h3>\n<p>Serrer les dents la nuit, ou bruxisme, <strong>cr\u00e9e des tensions majeures<\/strong>. Les muscles temporaux sont alors hypertoniques. Cela d\u00e9clenche souvent des maux de t\u00eate d\u00e8s le r\u00e9veil le matin. Votre m\u00e2choire est la cl\u00e9.<\/p>\n<p>En 2026, les smartphones fatiguent \u00e9norm\u00e9ment vos muscles oculaires. Un d\u00e9faut de correction optique force le plissement du front. <strong>Vos yeux s&rsquo;\u00e9puisent<\/strong> \u00e0 force de fixer de petits caract\u00e8res.<\/p>\n<p>Pensez \u00e0 v\u00e9rifier votre vue r\u00e9guli\u00e8rement. Une simple paire de lunettes adapt\u00e9e peut <strong>stopper des mois de souffrances<\/strong> inutiles.<\/p>\n<h2 id=\"solutions-concretes-pour-apaiser-vos-tensions-naturellement\">Solutions concr\u00e8tes pour apaiser vos tensions naturellement<\/h2>\n<p>Comprendre l&rsquo;origine du mal est un premier pas, mais voici comment <strong>agir concr\u00e8tement pour d\u00e9tendre votre corps<\/strong> sans passer par la case pharmacie.<\/p>\n<h3>Exercices d&rsquo;\u00e9tirement et am\u00e9nagement de votre bureau<\/h3>\n<p>Pratiquez des rotations douces de votre nuque. \u00c9tirez vos trap\u00e8zes en penchant simplement la t\u00eate sur le c\u00f4t\u00e9. Maintenez cette position vingt secondes pour <strong>lib\u00e9rer vos fibres musculaires contract\u00e9es<\/strong>.<\/p>\n<p><strong>L&rsquo;ergonomie de votre poste est capitale<\/strong>. Rehaussez votre \u00e9cran pour que vos yeux arrivent au sommet de la dalle. Vos pieds doivent reposer \u00e0 plat sur le sol pour stabiliser votre bassin.<\/p>\n<p>Changez de position toutes les heures. Bouger un peu permet de relancer la circulation sanguine dans vos \u00e9paules.<\/p>\n<h3>Techniques de relaxation et gestion de la charge mentale<\/h3>\n<p>La coh\u00e9rence cardiaque offre des b\u00e9n\u00e9fices imm\u00e9diats. Inspirez cinq secondes, puis expirez cinq secondes. Cet exercice simple <strong>calme instantan\u00e9ment le syst\u00e8me nerveux autonome et r\u00e9duit la pression<\/strong>.<\/p>\n<p>Utilisez les huiles essentielles pour favoriser la d\u00e9tente. Vous pouvez tester une <a href=\"https:\/\/www.centreclea.fr\/conseils\/nevralgie-arnold-huile\/\">huile essentielle pour n\u00e9vralgie d&rsquo;Arnold<\/a> comme alternative naturelle pour <strong>apaiser vos zones de tension<\/strong>.<\/p>\n<blockquote><p>La relaxation n&rsquo;est pas un luxe mais une n\u00e9cessit\u00e9 physiologique pour d\u00e9samorcer les m\u00e9canismes de la douleur chronique et retrouver un \u00e9quilibre durable.<\/p><\/blockquote>\n<h3>Hydratation et hygi\u00e8ne de vie au quotidien<\/h3>\n<p>Ne n\u00e9gligez jamais votre consommation d&rsquo;eau. <strong>La d\u00e9shydratation rend le cerveau plus sensible aux stimuli douloureux<\/strong>. Buvez r\u00e9guli\u00e8rement par petites gorg\u00e9es tout au long de votre journ\u00e9e de travail.<\/p>\n<p>Alternez le chaud et le froid selon vos besoins. Une bouillotte sur la nuque d\u00e9tend les muscles. \u00c0 l&rsquo;inverse, une compresse froide sur le front peut anesth\u00e9sier la douleur lors d&rsquo;une crise de c\u00e9phal\u00e9e de tension et vertiges.<\/p>\n<p>Surveillez votre sommeil. Un manque de repos nocturne <strong>abaisse votre seuil de tol\u00e9rance \u00e0 la douleur<\/strong> d\u00e8s le matin.<\/p>\n<h2 id=\"quand-consulter-medecin-urgence\">\u00c0 quel moment devez-vous consulter un m\u00e9decin en urgence ?<\/h2>\n<p>Malgr\u00e9 toutes ces m\u00e9thodes naturelles, certains signes ne trompent pas et <strong>imposent un avis m\u00e9dical professionnel<\/strong> pour \u00e9carter tout risque s\u00e9rieux.<\/p>\n<h3>Le pi\u00e8ge de l&rsquo;abus de m\u00e9dicaments antalgiques<\/h3>\n<p>Prendre trop souvent de l&rsquo;aspirine ou du parac\u00e9tamol finit par provoquer des maux de t\u00eate. Le cerveau devient d\u00e9pendant de ces mol\u00e9cules chimiques. C&rsquo;est le cercle vicieux des <strong>c\u00e9phal\u00e9es de rebond<\/strong>.<\/p>\n<p>Stopper ces traitements demande de la patience. Il faut parfois <a href=\"https:\/\/www.centreclea.fr\/conseils\/arret-lexomil-sevrage\/\"><strong>r\u00e9ussir son sevrage<\/strong><\/a> pour retrouver un \u00e9quilibre durable. Un accompagnement m\u00e9dical reste souvent indispensable dans cette d\u00e9marche.<\/p>\n<p>Limitez l&rsquo;autom\u00e9dication \u00e0 deux jours par semaine. Au-del\u00e0, vous risquez d&rsquo;<strong>aggraver votre \u00e9tat initial de fa\u00e7on durable<\/strong>.<\/p>\n<h3>Signes d&rsquo;alerte et sympt\u00f4mes neurologiques inqui\u00e9tants<\/h3>\n<p>Identifier les \u00ab\u00a0drapeaux rouges\u00a0\u00bb est vital. Une fi\u00e8vre associ\u00e9e \u00e0 une raideur de nuque est <strong>une urgence absolue<\/strong>. De m\u00eame, une perte de force brutale n\u00e9cessite un appel imm\u00e9diat au Samu.<\/p>\n<p>Si le d\u00e9s\u00e9quilibre s&rsquo;accompagne d&rsquo;une baisse d&rsquo;audition, <strong>un bilan ORL s&rsquo;impose<\/strong>. Vous pourriez aussi envisager l&rsquo;<a href=\"https:\/\/www.centreclea.fr\/conseils\/acupuncture-et-vertiges\/\">acupuncture et vertiges<\/a> pour compl\u00e9ter votre prise en charge th\u00e9rapeutique habituelle.<\/p>\n<p>Ne n\u00e9gligez jamais un mal de t\u00eate qui change brutalement d&rsquo;intensit\u00e9. Votre corps vous envoie un <strong>signal d&rsquo;alerte majeur<\/strong>.<\/p>\n<h3>La diff\u00e9rence entre tension musculaire et hypertension art\u00e9rielle<\/h3>\n<p>Clarifier la confusion fr\u00e9quente est n\u00e9cessaire. Une douleur \u00e0 la nuque n&rsquo;est pas toujours synonyme de tension art\u00e9rielle \u00e9lev\u00e9e. Pourtant, <strong>un contr\u00f4le de la pression sanguine reste indispensable<\/strong> lors d&rsquo;un bilan.<\/p>\n<p>Il est utile de conna\u00eetre votre <a href=\"https:\/\/www.centreclea.fr\/conseils\/quelle-tension-avoir\/\">tension normale<\/a> pour mieux <strong>interpr\u00e9ter vos r\u00e9sultats<\/strong>. Cela permet de distinguer un simple stress d&rsquo;un probl\u00e8me cardiovasculaire r\u00e9el.<\/p>\n<p>Un <strong>suivi m\u00e9dical r\u00e9gulier<\/strong> permet d&rsquo;\u00e9carter les causes vasculaires. Prenez rendez-vous si vos douleurs deviennent quotidiennes ou trop invalidantes.<\/p>\n<p>Pour apaiser vos c\u00e9phal\u00e9es de tension et vertiges, agissez d\u00e8s maintenant sur votre posture et votre stress. En combinant hydratation, \u00e9tirements cervicaux et relaxation, vous retrouverez rapidement <strong>un quotidien serein et une t\u00eate l\u00e9g\u00e8re<\/strong>. N&rsquo;attendez pas que la douleur s&rsquo;installe : reprenez enfin le contr\u00f4le de votre bien-\u00eatre durable.<\/p>\n<link rel=\"stylesheet\" href=\"https:\/\/unpkg.com\/@wwclib\/wwc@latest\/wwc.min.css\">\n<script src=\"https:\/\/cdn.jsdelivr.net\/npm\/@alpinejs\/csp@3\/dist\/cdn.min.js\" defer><\/script><\/p>\n<style>.wwc { --wwc-primary: #3b82f6; }<\/style>\n","protected":false},"excerpt":{"rendered":"<p>L&rsquo;essentiel \u00e0 retenir : la c\u00e9phal\u00e9e de tension se distingue par une pression bilat\u00e9rale constante, souvent li\u00e9e \u00e0 des contractures cervicales et au stress. Contrairement \u00e0 la migraine, elle provoque une instabilit\u00e9 posturale plut\u00f4t que de vrais vertiges rotatoires. Identifier ces tensions musculaires vous permet d&rsquo;agir efficacement via l&rsquo;ergonomie et la relaxation pour retrouver un &#8230; <a title=\"C\u00e9phal\u00e9e de tension et vertiges : comment les soulager ?\" class=\"read-more\" href=\"https:\/\/www.centreclea.fr\/conseils\/cephalee-tension-vertiges-causes-solutions\/\" aria-label=\"En savoir plus sur C\u00e9phal\u00e9e de tension et vertiges : comment les soulager ?\">Lire plus<\/a><\/p>\n","protected":false},"author":2,"featured_media":2373,"comment_status":"open","ping_status":"open","sticky":false,"template":"","format":"standard","meta":{"footnotes":""},"categories":[1],"tags":[],"class_list":["post-2319","post","type-post","status-publish","format-standard","has-post-thumbnail","hentry","category-conseils"],"_links":{"self":[{"href":"https:\/\/www.centreclea.fr\/conseils\/wp-json\/wp\/v2\/posts\/2319","targetHints":{"allow":["GET"]}}],"collection":[{"href":"https:\/\/www.centreclea.fr\/conseils\/wp-json\/wp\/v2\/posts"}],"about":[{"href":"https:\/\/www.centreclea.fr\/conseils\/wp-json\/wp\/v2\/types\/post"}],"author":[{"embeddable":true,"href":"https:\/\/www.centreclea.fr\/conseils\/wp-json\/wp\/v2\/users\/2"}],"replies":[{"embeddable":true,"href":"https:\/\/www.centreclea.fr\/conseils\/wp-json\/wp\/v2\/comments?post=2319"}],"version-history":[{"count":1,"href":"https:\/\/www.centreclea.fr\/conseils\/wp-json\/wp\/v2\/posts\/2319\/revisions"}],"predecessor-version":[{"id":2689,"href":"https:\/\/www.centreclea.fr\/conseils\/wp-json\/wp\/v2\/posts\/2319\/revisions\/2689"}],"wp:featuredmedia":[{"embeddable":true,"href":"https:\/\/www.centreclea.fr\/conseils\/wp-json\/wp\/v2\/media\/2373"}],"wp:attachment":[{"href":"https:\/\/www.centreclea.fr\/conseils\/wp-json\/wp\/v2\/media?parent=2319"}],"wp:term":[{"taxonomy":"category","embeddable":true,"href":"https:\/\/www.centreclea.fr\/conseils\/wp-json\/wp\/v2\/categories?post=2319"},{"taxonomy":"post_tag","embeddable":true,"href":"https:\/\/www.centreclea.fr\/conseils\/wp-json\/wp\/v2\/tags?post=2319"}],"curies":[{"name":"wp","href":"https:\/\/api.w.org\/{rel}","templated":true}]}}