{"id":1194,"date":"2026-02-23T09:00:00","date_gmt":"2026-02-23T08:00:00","guid":{"rendered":"https:\/\/www.centreclea.fr\/conseils\/?p=1194"},"modified":"2026-02-22T22:48:57","modified_gmt":"2026-02-22T21:48:57","slug":"lucite-polymorphe-severe","status":"publish","type":"post","link":"https:\/\/www.centreclea.fr\/conseils\/lucite-polymorphe-severe\/","title":{"rendered":"Lucite polymorphe s\u00e9v\u00e8re : causes, sympt\u00f4mes et traitements"},"content":{"rendered":"<link rel=\"stylesheet\" href=\"https:\/\/unpkg.com\/@wwclib\/wwc@latest\/wwc.min.css\">\n<script src=\"https:\/\/cdn.jsdelivr.net\/npm\/@alpinejs\/csp@3\/dist\/cdn.min.js\" defer><\/script><\/p>\n<style>.wwc { --wwc-primary: #3b82f6; }<\/style>\n<p style='padding: 24px; background: lightblue;'>L&rsquo;essentiel \u00e0 retenir : la <strong>lucite polymorphe constitue une photodermatose chronique<\/strong> r\u00e9sultant d&rsquo;une hypersensibilit\u00e9 immunitaire aux ultraviolets. Contrairement \u00e0 la forme estivale b\u00e9nigne, cette affection r\u00e9cidivante persiste malgr\u00e9 le bronzage et n\u00e9cessite une <strong>d\u00e9sensibilisation m\u00e9dicale rigoureuse<\/strong>. Touchant jusqu&rsquo;\u00e0 20 % de la population, sa stabilisation repose sur une photoprotection stricte et des protocoles th\u00e9rapeutiques sp\u00e9cialis\u00e9s.<\/p>\n<p>L&rsquo;\u00e9ruption de papules prurigineuses lors des premi\u00e8res expositions printani\u00e8res signale fr\u00e9quemment une lucite polymorphe s\u00e9v\u00e8re, une pathologie invalidante qui transmute chaque rayonnement solaire en une agression immunitaire syst\u00e9matique pour l&rsquo;organisme. Ce guide technique d\u00e9taille les m\u00e9canismes \u00e9tiologiques de cette photodermatose chronique et expose les protocoles cliniques rigoureux destin\u00e9s \u00e0 <strong>restaurer une tol\u00e9rance cutan\u00e9e p\u00e9renne<\/strong> face aux flux d&rsquo;ultraviolets naturels ou artificiels. La ma\u00eetrise des strat\u00e9gies de d\u00e9sensibilisation par phototh\u00e9rapie et l&rsquo;optimisation des vecteurs m\u00e9dicamenteux constituent une architecture pr\u00e9ventive robuste pour neutraliser les r\u00e9cidives inflammatoires tout en pr\u00e9servant durablement l&rsquo;int\u00e9grit\u00e9 biologique de l&rsquo;\u00e9piderme.<\/p>\n<ol>\n<li><a href=\"#comprendre-la-lucite-polymorphe-une-reaction-immunitaire-aux-uv\">Comprendre la lucite polymorphe : une r\u00e9action immunitaire aux UV<\/a><\/li>\n<li><a href=\"#reconnaitre-les-symptomes-et-les-zones-a-risque\">Reconna\u00eetre les sympt\u00f4mes et les zones \u00e0 risque<\/a><\/li>\n<li><a href=\"#diagnostic-medical-et-examens-specialises\">Diagnostic m\u00e9dical et examens sp\u00e9cialis\u00e9s<\/a><\/li>\n<li><a href=\"#strategies-therapeutiques-et-traitements-de-fond\">Strat\u00e9gies th\u00e9rapeutiques et traitements de fond<\/a><\/li>\n<li><a href=\"#prevention-et-vie-quotidienne-avec-une-lucite\">Pr\u00e9vention et vie quotidienne avec une lucite<\/a><\/li>\n<\/ol>\n<h2 id=\"comprendre-la-lucite-polymorphe-une-reaction-immunitaire-aux-uv\">Comprendre la lucite polymorphe : une r\u00e9action immunitaire aux UV<\/h2>\n<p>Apr\u00e8s avoir bri\u00e8vement introduit le sujet, nous allons entrer dans le vif du sujet en <strong>d\u00e9finissant cette pathologie complexe<\/strong> qui empoisonne la vie de nombreux patients d\u00e8s les premiers rayons.<\/p>\n<h3>D\u00e9finition et \u00e9tiologie de cette photodermatose chronique<\/h3>\n<p>La lucite polymorphe est une r\u00e9action immunitaire retard\u00e9e face aux rayons ultraviolets. Le corps per\u00e7oit le soleil comme un agresseur. Cette m\u00e9prise biologique d\u00e9clenche une <strong>inflammation cutan\u00e9e<\/strong>.<\/p>\n<p>Les spectres UVA et UVB jouent un r\u00f4le majeur dans ce d\u00e9clenchement. Une pr\u00e9disposition g\u00e9n\u00e9tique et les phototypes clairs favorisent ce d\u00e9r\u00e8glement. Le <strong>syst\u00e8me immunitaire s&rsquo;active anormalement<\/strong> face \u00e0 une exposition m\u00eame mod\u00e9r\u00e9e.<\/p>\n<p>Cette pathologie est chronique. Elle revient chaque ann\u00e9e et <strong>s&rsquo;aggrave souvent avec le temps<\/strong> sans traitement adapt\u00e9.<\/p>\n<p>La lucite polymorphe n&rsquo;est pas une simple br\u00fblure. C&rsquo;est une <strong>pathologie cutan\u00e9e r\u00e9elle<\/strong>.<\/p>\n<h3>Diff\u00e9rences majeures avec la lucite estivale b\u00e9nigne<\/h3>\n<p>Il faut opposer la forme polymorphe \u00e0 la forme estivale b\u00e9nigne. <strong>La premi\u00e8re est plus s\u00e9v\u00e8re<\/strong>. Elle ne se calme pas avec le bronzage, contrairement \u00e0 la seconde.<\/p>\n<p>Le d\u00e9lai d&rsquo;apparition varie. <strong>La lucite polymorphe survient 12 \u00e0 48 heures apr\u00e8s l&rsquo;exposition<\/strong>. La forme b\u00e9nigne est beaucoup plus rapide.<\/p>\n<div class=\"wwc wwc-widget\" x-data=\"{ step: 0, q1: 0, q2: 0, q3: 0, score: 0, pct_poly: 0, pct_leb: 0 }\">\n<div x-effect=\"score = (q1 * 1 + q2 * 1 + q3 * 1)\"><\/div>\n<div x-effect=\"pct_poly = (score \/ 3 * 100).toFixed(0)\"><\/div>\n<div x-effect=\"pct_leb = ((3 - score) \/ 3 * 100).toFixed(0)\"><\/div>\n<div class=\"wwc-header\">\n<div class=\"wwc-title\">Est-ce une lucite estivale b\u00e9nigne ou une lucite polymorphe ?<\/div>\n<div class=\"wwc-subtitle\" x-show=\"step > 0 &#038;&#038; step < 4\"><br \/>\n      Question <span x-text=\"step\"><\/span> \/ 3\n    <\/div>\n<\/p><\/div>\n<div class=\"wwc-body\">\n    <!-- Introduction --><\/p>\n<div x-show=\"step == 0\">\n<p>Ce test rapide vous aide \u00e0 <strong>identifier les caract\u00e9ristiques de votre r\u00e9action cutan\u00e9e au soleil<\/strong> pour mieux comprendre votre profil avant une consultation m\u00e9dicale.<\/p>\n<div class=\"wwc-footer\">\n        <button @click=\"step = 1\">Commencer le test<\/button>\n      <\/div>\n<\/p><\/div>\n<p>    <!-- Question 1 --><\/p>\n<div x-show=\"step == 1\">\n<div class=\"wwc-title\">D\u00e9lai d&rsquo;apparition des sympt\u00f4mes<\/div>\n<div class=\"wwc-field\">\n        <input type=\"radio\" id=\"q1a\" name=\"q1\" value=\"0\" x-model=\"q1\"><br \/>\n        <label for=\"q1a\">Quelques heures apr\u00e8s l&rsquo;exposition<\/label>\n      <\/div>\n<div class=\"wwc-field\">\n        <input type=\"radio\" id=\"q1b\" name=\"q1\" value=\"1\" x-model=\"q1\"><br \/>\n        <label for=\"q1b\">12 \u00e0 48 heures apr\u00e8s l&rsquo;exposition<\/label>\n      <\/div>\n<div class=\"wwc-footer\">\n        <button @click=\"step = 2\">Suivant<\/button>\n      <\/div>\n<\/p><\/div>\n<p>    <!-- Question 2 --><\/p>\n<div x-show=\"step == 2\">\n<div class=\"wwc-title\">Effet du bronzage<\/div>\n<div class=\"wwc-field\">\n        <input type=\"radio\" id=\"q2a\" name=\"q2\" value=\"0\" x-model=\"q2\"><br \/>\n        <label for=\"q2a\">Les sympt\u00f4mes s&rsquo;att\u00e9nuent quand je bronze<\/label>\n      <\/div>\n<div class=\"wwc-field\">\n        <input type=\"radio\" id=\"q2b\" name=\"q2\" value=\"1\" x-model=\"q2\"><br \/>\n        <label for=\"q2b\">Les sympt\u00f4mes persistent ou s&rsquo;aggravent malgr\u00e9 le bronzage<\/label>\n      <\/div>\n<div class=\"wwc-footer\">\n        <button @click=\"step = 3\">Suivant<\/button>\n      <\/div>\n<\/p><\/div>\n<p>    <!-- Question 3 --><\/p>\n<div x-show=\"step == 3\">\n<div class=\"wwc-title\">Zones touch\u00e9es<\/div>\n<div class=\"wwc-field\">\n        <input type=\"radio\" id=\"q3a\" name=\"q3\" value=\"0\" x-model=\"q3\"><br \/>\n        <label for=\"q3a\">Principalement d\u00e9collet\u00e9 et avant-bras<\/label>\n      <\/div>\n<div class=\"wwc-field\">\n        <input type=\"radio\" id=\"q3b\" name=\"q3\" value=\"1\" x-model=\"q3\"><br \/>\n        <label for=\"q3b\">Visage, mains et zones parfois couvertes<\/label>\n      <\/div>\n<div class=\"wwc-footer\">\n        <button @click=\"step = 'result'\">Voir le r\u00e9sultat<\/button>\n      <\/div>\n<\/p><\/div>\n<p>    <!-- R\u00e9sultats --><\/p>\n<div x-show=\"step == 'result'\">\n<div class=\"wwc-info\">\n<div class=\"wwc-title\">Analyse de votre profil<\/div>\n<p>Sur la base de vos r\u00e9ponses, voici la <strong>tendance de votre r\u00e9action cutan\u00e9e<\/strong> :<\/p>\n<\/p><\/div>\n<div class=\"wwc-footer\">\n        <!-- Cas Majorit\u00e9 Option 2 (Polymorphe) --><\/p>\n<div x-show=\"score >= 2&Prime;><\/p>\n<p style=\"font-size: 2rem; font-weight: bold;\">\n            <span x-text=\"pct_poly\"><\/span>% Lucite Polymorphe\n          <\/p>\n<p>Votre profil pr\u00e9sente une forte <strong>forte probabilit\u00e9 de lucite polymorphe<\/strong>, caract\u00e9ris\u00e9e par une persistance malgr\u00e9 le bronzage et des zones d&rsquo;atteinte vari\u00e9es.<\/p>\n<\/p><\/div>\n<p>        <!-- Cas Majorit\u00e9 Option 1 (LEB) --><\/p>\n<div x-show=\"score < 2\">\n<p style=\"font-size: 2rem; font-weight: bold;\">\n            <span x-text=\"pct_leb\"><\/span>% Lucite Estivale B\u00e9nigne\n          <\/p>\n<p>Votre profil correspond typiquement \u00e0 une <strong>Lucite Estivale B\u00e9nigne (LEB)<\/strong>, souvent localis\u00e9e sur le d\u00e9collet\u00e9 et s&rsquo;am\u00e9liorant avec le bronzage.<\/p>\n<\/p><\/div>\n<p><em>Attention : ce test <strong>ne remplace pas un diagnostic dermatologique<\/strong> mais aide \u00e0 pr\u00e9parer l&rsquo;entretien avec le sp\u00e9cialiste.<\/em><\/p>\n<p>        <button @click=\"step = 1\">Recommencer<\/button>\n      <\/div>\n<\/p><\/div>\n<\/p><\/div>\n<\/div>\n<p>Le tableau ci-dessous permet de <strong>comparer les caract\u00e9ristiques cliniques<\/strong> de ces deux affections afin de faciliter une orientation diagnostique rapide.<\/p>\n<div style=\"overflow:auto;max-width:100%\">\n<table>\n<thead>\n<tr>\n<th>Crit\u00e8re<\/th>\n<th>Lucite estivale b\u00e9nigne<\/th>\n<th>Lucite polymorphe<\/th>\n<\/tr>\n<\/thead>\n<tbody>\n<tr>\n<td>Zones touch\u00e9es<\/td>\n<td>D\u00e9collet\u00e9 et bras<\/td>\n<td>Visage et mains<\/td>\n<\/tr>\n<tr>\n<td>Effet du bronzage<\/td>\n<td>S&rsquo;am\u00e9liore<\/td>\n<td>Persiste<\/td>\n<\/tr>\n<tr>\n<td>R\u00e9cidive<\/td>\n<td>Fr\u00e9quente<\/td>\n<td>Aggravation annuelle<\/td>\n<\/tr>\n<tr>\n<td>Type de l\u00e9sions<\/td>\n<td>Petits boutons<\/td>\n<td>Plaques et papules<\/td>\n<\/tr>\n<tr>\n<td>Dur\u00e9e des pouss\u00e9es<\/td>\n<td>Environ 7 jours<\/td>\n<td>Plus de 10 jours<\/td>\n<\/tr>\n<\/tbody>\n<\/table>\n<\/div>\n<h2 id=\"reconnaitre-les-symptomes-et-les-zones-a-risque\">Reconna\u00eetre les sympt\u00f4mes et les zones \u00e0 risque<\/h2>\n<p>Mais comment savoir si vos plaques rouges sont bien le signe d&rsquo;une lucite polymorphe ? Regardons de plus pr\u00e8s <strong>l&rsquo;aspect des l\u00e9sions<\/strong>.<\/p>\n<h3>Description des l\u00e9sions : papules, v\u00e9sicules et prurit<\/h3>\n<p>L&rsquo;\u00e9ruption manifeste une morphologie changeante. Des papules ros\u00e9es sur\u00e9lev\u00e9es voisinent des v\u00e9sicules charg\u00e9es de s\u00e9rosit\u00e9. <strong>Ce caract\u00e8re polymorphe d\u00e9finit la pathologie<\/strong>. Les l\u00e9sions adoptent parfois une configuration en cocarde.<\/p>\n<p>Le <strong>prurit s&rsquo;av\u00e8re particuli\u00e8rement violent<\/strong>. Ces d\u00e9mangeaisons pr\u00e9c\u00e8dent souvent l&rsquo;apparition des signes cutan\u00e9s de quelques heures. L&rsquo;inconfort sensoriel domine alors le tableau clinique initial.<\/p>\n<blockquote><p>La sensation de br\u00fblure et les d\u00e9mangeaisons f\u00e9roces transforment chaque exposition solaire en un v\u00e9ritable calvaire pour les patients non prot\u00e9g\u00e9s.<\/p><\/blockquote>\n<p>Les tissus peuvent suinter ou peler progressivement. Cet aspect \u00e9voque un <strong>ecz\u00e9ma aigu induit par le rayonnement lumineux<\/strong>.<\/p>\n<h3>Localisation des pouss\u00e9es : du d\u00e9collet\u00e9 au visage<\/h3>\n<p>Le d\u00e9collet\u00e9 et les avant-bras constituent les cibles privil\u00e9gi\u00e9es. Ces r\u00e9gions subissent une agression solaire brutale d\u00e8s le printemps. L&rsquo;exposition soudaine d\u00e9clenche la <strong>r\u00e9action inflammatoire<\/strong>.<\/p>\n<p>Le visage et le dos des mains subissent \u00e9galement ces assauts. Cette distribution \u00e9tendue distingue la <strong>lucite polymorphe s\u00e9v\u00e8re d&rsquo;autres photodermatoses<\/strong> plus localis\u00e9es. La vigilance doit rester constante.<\/p>\n<ul>\n<li><strong>Zones fr\u00e9quentes<\/strong> (D\u00e9collet\u00e9, \u00e9paules)<\/li>\n<li><strong>Zones rares mais possibles<\/strong> (Visage, oreilles)<\/li>\n<li><strong>Zones prot\u00e9g\u00e9es par les v\u00eatements<\/strong> (souvent \u00e9pargn\u00e9es)<\/li>\n<\/ul>\n<p>La r\u00e9verb\u00e9ration sur le sable ou l&rsquo;eau <strong>d\u00e9multiplie les risques<\/strong>. Ces \u00e9l\u00e9ments s&rsquo;av\u00e8rent \u00eatre de v\u00e9ritables tra\u00eetres.<\/p>\n<h2 id=\"diagnostic-medical-et-examens-specialises\">Diagnostic m\u00e9dical et examens sp\u00e9cialis\u00e9s<\/h2>\n<p>Si les sympt\u00f4mes persistent, un simple coup d&rsquo;\u0153il ne suffit plus. Il faut <strong>passer par la case dermatologie<\/strong>.<\/p>\n<h3>Le r\u00f4le crucial des phototests en photobiologie<\/h3>\n<p>L&rsquo;expert expose des zones cutan\u00e9es cibl\u00e9es \u00e0 des doses d&rsquo;UV strictement calibr\u00e9es. Cette manipulation technique provoque artificiellement l&rsquo;\u00e9ruption caract\u00e9ristique. Ce protocole rigoureux <strong>valide scientifiquement la sensibilit\u00e9 aux rayons<\/strong>.<\/p>\n<p>La mesure de la Dose \u00c9ryth\u00e9mateuse Minimale quantifie pr\u00e9cis\u00e9ment la tol\u00e9rance individuelle. Ces donn\u00e9es servent \u00e0 <strong>param\u00e9trer les s\u00e9ances de phototh\u00e9rapie pr\u00e9ventive<\/strong>. Le calibrage \u00e9vite ainsi des br\u00fblures accidentelles.<\/p>\n<p>Une <a href=\"https:\/\/www.centreclea.fr\/conseils\/crp-elevee-cancer-lien\/\"><strong>mesure biologique de l&rsquo;inflammation<\/strong><\/a> confirme parfois l&rsquo;intensit\u00e9 de la r\u00e9action cutan\u00e9e. L&rsquo;analyse sanguine compl\u00e8te alors efficacement l&rsquo;examen clinique.<\/p>\n<p>Ces investigations s&rsquo;effectuent exclusivement en <strong>milieu hospitalier sp\u00e9cialis\u00e9<\/strong>. Elles requi\u00e8rent une expertise de pointe.<\/p>\n<h3>Diagnostic diff\u00e9rentiel : \u00e9liminer le lupus et l&rsquo;urticaire<\/h3>\n<p>L&rsquo;exclusion du lupus \u00e9ryth\u00e9mateux demeure une priorit\u00e9 m\u00e9dicale absolue. Si les signes cutan\u00e9s convergent, <strong>le lupus engage un pronostic syst\u00e9mique bien plus grave<\/strong>. Une atteinte d&rsquo;organes internes est alors possible. La vigilance m\u00e9dicale s&rsquo;impose syst\u00e9matiquement ici.<\/p>\n<p>L&rsquo;urticaire solaire se distingue par sa <strong>cin\u00e9tique proprement fulgurante<\/strong>. Les plaques apparaissent en quelques minutes seulement. Elles s&rsquo;effacent en moins de deux heures, contrairement \u00e0 la lucite polymorphe s\u00e9v\u00e8re.<\/p>\n<p>L&rsquo;examen v\u00e9rifie l&rsquo;usage de m\u00e9dicaments photosensibilisants. <strong>Certains antibiotiques courants miment parfaitement ces sympt\u00f4mes<\/strong>.<\/p>\n<h2 id=\"strategies-therapeutiques-et-traitements-de-fond\">Strat\u00e9gies th\u00e9rapeutiques et traitements de fond<\/h2>\n<p>Une fois le diagnostic pos\u00e9, il ne s&rsquo;agit plus de subir. Plusieurs options m\u00e9dicales permettent de <strong>reprendre le contr\u00f4le sur son exposition<\/strong>.<\/p>\n<h3>Protocoles de d\u00e9sensibilisation par phototh\u00e9rapie<\/h3>\n<p>La PUVAth\u00e9rapie et les UVB \u00e0 bande \u00e9troite constituent l&rsquo;arsenal majeur. On pr\u00e9pare l&rsquo;\u00e9piderme en l&rsquo;habituant graduellement aux rayonnements artificiels avant l&rsquo;\u00e9ch\u00e9ance estivale. Cette m\u00e9thode <strong>renforce la tol\u00e9rance cutan\u00e9e<\/strong>.<\/p>\n<p>Le rythme exige une assiduit\u00e9 m\u00e9dicale et rigoureuse. Pr\u00e9voyez g\u00e9n\u00e9ralement deux \u00e0 trois s\u00e9ances hebdomadaires durant le mois pr\u00e9c\u00e9dant le d\u00e9part. Cette r\u00e9gularit\u00e9 <strong>conditionne l&rsquo;efficacit\u00e9 du protocole<\/strong>.<\/p>\n<p>L&rsquo;efficacit\u00e9 de cette m\u00e9thode repose sur la constance clinique. <\/p>\n<blockquote><p><strong>La phototh\u00e9rapie reste le traitement de r\u00e9f\u00e9rence<\/strong> pour endurcir l&rsquo;\u00e9piderme et limiter les crises inflammatoires printani\u00e8res les plus violentes.<\/p><\/blockquote>\n<p>Un <strong>suivi dermatologique strict demeure imp\u00e9ratif<\/strong>. On ne joue pas avec les UV sans contr\u00f4le.<\/p>\n<h3>Traitements m\u00e9dicamenteux : Plaquenil et cortico\u00efdes<\/h3>\n<p>Les antipalud\u00e9ens de synth\u00e8se, tel le Plaquenil, agissent comme un bouclier de fond. Ce traitement <strong>r\u00e9duit la r\u00e9activit\u00e9 immunitaire cutan\u00e9e<\/strong> face aux agressions lumineuses. Un bilan ophtalmologique pr\u00e9alable reste une condition sine qua non avant toute prescription m\u00e9dicale.<\/p>\n<p>Pour \u00e9teindre l&rsquo;incendie lors d&rsquo;une lucite polymorphe s\u00e9v\u00e8re, les <strong>dermocortico\u00efdes calment les inflammations aigu\u00ebs<\/strong>. Leur usage doit rester ponctuel. Une application prolong\u00e9e risquerait d&rsquo;affiner inutilement votre barri\u00e8re protectrice naturelle.<\/p>\n<p>Vous pouvez aussi <a href=\"https:\/\/www.centreclea.fr\/conseils\/soulager-allergie-soleil\/\"><strong>soulager une allergie au soleil<\/strong><\/a> gr\u00e2ce \u00e0 des gestes simples et apaisants imm\u00e9diatement pour retrouver un confort.<\/p>\n<p>Le nicotinamide, ou vitamine B3, <strong>renforce parfois la barri\u00e8re cutan\u00e9e<\/strong>. Ce compl\u00e9ment alimentaire aide \u00e0 lutter contre les radicaux libres.<\/p>\n<h2 id=\"prevention-et-vie-quotidienne-avec-une-lucite\">Pr\u00e9vention et vie quotidienne avec une lucite<\/h2>\n<p>Au-del\u00e0 des m\u00e9dicaments, c&rsquo;est toute une organisation quotidienne qu&rsquo;il faut revoir pour <strong>\u00e9viter de finir l&rsquo;\u00e9t\u00e9 enferm\u00e9<\/strong>.<\/p>\n<h3>Photoprotection rigoureuse : au-del\u00e0 du SPF 50<\/h3>\n<p>L&rsquo;application d&rsquo;un \u00e9cran solaire SPF 50+ demeure imp\u00e9rative. Ce produit doit imp\u00e9rativement filtrer les UVA. Les formulations standards <strong>\u00e9chouent souvent face \u00e0 une lucite polymorphe s\u00e9v\u00e8re<\/strong>.<\/p>\n<p>Les rayonnements UVA traversent les vitrages des v\u00e9hicules. Ils p\u00e9n\u00e8trent \u00e9galement dans les espaces de travail. <strong>Une protection constante s&rsquo;av\u00e8re donc n\u00e9cessaire en int\u00e9rieur<\/strong>. Les trajets routiers prolong\u00e9s exigent une vigilance cutan\u00e9e accrue.<\/p>\n<p>La barri\u00e8re physique compl\u00e8te id\u00e9alement la chimie des cr\u00e8mes. L&rsquo;<strong>arsenal protecteur comprend<\/strong> les dispositifs suivants :<\/p>\n<ul>\n<li><strong>V\u00eatements anti-UV certifi\u00e9s<\/strong><\/li>\n<li><strong>Chapeaux \u00e0 larges bords<\/strong><\/li>\n<li><strong>Lunettes enveloppantes<\/strong><\/li>\n<\/ul>\n<p><strong>L&rsquo;\u00e9vitement des pics thermiques s&rsquo;impose<\/strong>. Entre 11h et 16h, l&rsquo;intensit\u00e9 du rayonnement solaire atteint son paroxysme.<\/p>\n<h3>Impact psychologique et \u00e9volution \u00e0 long terme<\/h3>\n<p>Cette pathologie <strong>d\u00e9grade profond\u00e9ment la qualit\u00e9 de vie<\/strong>. L&rsquo;isolement social menace les patients priv\u00e9s d&rsquo;activit\u00e9s ext\u00e9rieures. La restriction des sorties devient un fardeau psychologique lourd.<\/p>\n<p>Les douleurs chroniques impactent directement le moral. Une fatigue nerveuse s&rsquo;installe suite aux d\u00e9mangeaisons incessantes. Ce <strong>prurit intense \u00e9puise les ressources psychiques<\/strong> individuelles.<\/p>\n<p>Les donn\u00e9es cliniques confirment le <strong>lien entre maladies inflammatoires et sant\u00e9 mentale<\/strong>. Cette analyse sur la <a href=\"https:\/\/www.centreclea.fr\/conseils\/spondylarthrite-et-mental\/\">spondylarthrite et le mental<\/a> illustre ces m\u00e9canismes.<\/p>\n<p>La stabilisation reste possible. Une strat\u00e9gie rigoureuse assure un <strong>avenir serein<\/strong>.<\/p>\n<p>La stabilisation de cette pathologie chronique exige une photoprotection absolue associ\u00e9e \u00e0 un protocole m\u00e9dical rigoureux. L&rsquo;anticipation th\u00e9rapeutique constitue l&rsquo;unique rempart contre l&rsquo;exacerbation de cette r\u00e9action cutan\u00e9e polymorphe aux ultraviolets. La ma\u00eetrise de l&rsquo;exposition lumineuse garantit d\u00e9sormais la <strong>reconqu\u00eate p\u00e9renne d&rsquo;une libert\u00e9 ext\u00e9rieure retrouv\u00e9e<\/strong>.<\/p>\n","protected":false},"excerpt":{"rendered":"<p>L&rsquo;essentiel \u00e0 retenir : la lucite polymorphe constitue une photodermatose chronique r\u00e9sultant d&rsquo;une hypersensibilit\u00e9 immunitaire aux ultraviolets. Contrairement \u00e0 la forme estivale b\u00e9nigne, cette affection r\u00e9cidivante persiste malgr\u00e9 le bronzage et n\u00e9cessite une d\u00e9sensibilisation m\u00e9dicale rigoureuse. Touchant jusqu&rsquo;\u00e0 20 % de la population, sa stabilisation repose sur une photoprotection stricte et des protocoles th\u00e9rapeutiques sp\u00e9cialis\u00e9s. &#8230; <a title=\"Lucite polymorphe s\u00e9v\u00e8re : causes, sympt\u00f4mes et traitements\" class=\"read-more\" href=\"https:\/\/www.centreclea.fr\/conseils\/lucite-polymorphe-severe\/\" aria-label=\"En savoir plus sur Lucite polymorphe s\u00e9v\u00e8re : causes, sympt\u00f4mes et traitements\">Lire plus<\/a><\/p>\n","protected":false},"author":2,"featured_media":1195,"comment_status":"open","ping_status":"open","sticky":false,"template":"","format":"standard","meta":{"_acf_changed":false,"footnotes":""},"categories":[1],"tags":[],"class_list":["post-1194","post","type-post","status-publish","format-standard","has-post-thumbnail","hentry","category-conseils"],"acf":[],"_links":{"self":[{"href":"https:\/\/www.centreclea.fr\/conseils\/wp-json\/wp\/v2\/posts\/1194","targetHints":{"allow":["GET"]}}],"collection":[{"href":"https:\/\/www.centreclea.fr\/conseils\/wp-json\/wp\/v2\/posts"}],"about":[{"href":"https:\/\/www.centreclea.fr\/conseils\/wp-json\/wp\/v2\/types\/post"}],"author":[{"embeddable":true,"href":"https:\/\/www.centreclea.fr\/conseils\/wp-json\/wp\/v2\/users\/2"}],"replies":[{"embeddable":true,"href":"https:\/\/www.centreclea.fr\/conseils\/wp-json\/wp\/v2\/comments?post=1194"}],"version-history":[{"count":1,"href":"https:\/\/www.centreclea.fr\/conseils\/wp-json\/wp\/v2\/posts\/1194\/revisions"}],"predecessor-version":[{"id":1196,"href":"https:\/\/www.centreclea.fr\/conseils\/wp-json\/wp\/v2\/posts\/1194\/revisions\/1196"}],"wp:featuredmedia":[{"embeddable":true,"href":"https:\/\/www.centreclea.fr\/conseils\/wp-json\/wp\/v2\/media\/1195"}],"wp:attachment":[{"href":"https:\/\/www.centreclea.fr\/conseils\/wp-json\/wp\/v2\/media?parent=1194"}],"wp:term":[{"taxonomy":"category","embeddable":true,"href":"https:\/\/www.centreclea.fr\/conseils\/wp-json\/wp\/v2\/categories?post=1194"},{"taxonomy":"post_tag","embeddable":true,"href":"https:\/\/www.centreclea.fr\/conseils\/wp-json\/wp\/v2\/tags?post=1194"}],"curies":[{"name":"wp","href":"https:\/\/api.w.org\/{rel}","templated":true}]}}