{"id":1182,"date":"2026-02-16T09:06:00","date_gmt":"2026-02-16T08:06:00","guid":{"rendered":"https:\/\/www.centreclea.fr\/conseils\/?p=1182"},"modified":"2026-02-08T19:51:46","modified_gmt":"2026-02-08T18:51:46","slug":"migraine-vestibulaire","status":"publish","type":"post","link":"https:\/\/www.centreclea.fr\/conseils\/migraine-vestibulaire\/","title":{"rendered":"Migraine vestibulaire chronique : diagnostic et traitements"},"content":{"rendered":"<p style=\"padding: 24px; background: lightblue;\">L&rsquo;essentiel \u00e0 retenir : <strong>la migraine vestibulaire chronique constitue un trouble neurologique majeur<\/strong> affectant l&rsquo;\u00e9quilibre, pouvant survenir sans c\u00e9phal\u00e9es associ\u00e9es. Identifier cette pathologie permet d&rsquo;<strong>expliquer des vertiges r\u00e9currents<\/strong> souvent confondus avec d&rsquo;autres affections de l&rsquo;oreille interne. Deuxi\u00e8me cause de vertiges touchant environ 1 % de la population, elle impose une prise en charge cibl\u00e9e de l&rsquo;instabilit\u00e9 sensorielle.<\/p>\n<p>Vous affrontez des vertiges rotatoires r\u00e9currents ou une sensation d&rsquo;\u00e9bri\u00e9t\u00e9 constante qui sugg\u00e8rent une <strong>migraine vestibulaire chronique<\/strong>, alors m\u00eame que les c\u00e9phal\u00e9es semblent absentes de votre tableau clinique ? Cette affection neurologique sous-diagnostiqu\u00e9e constitue pourtant une cause majeure de d\u00e9s\u00e9quilibre, n\u00e9cessitant une distinction rigoureuse d&rsquo;avec les pathologies de l&rsquo;oreille interne comme la maladie de Meni\u00e8re. Cette analyse experte expose les sympt\u00f4mes sensoriels sp\u00e9cifiques, les crit\u00e8res diagnostiques diff\u00e9rentiels et les strat\u00e9gies de r\u00e9\u00e9ducation vestibulaire indispensables pour r\u00e9duire l&rsquo;intensit\u00e9 de vos crises.<\/p>\n<ol>\n<li><a href=\"#quest-ce-que-la-migraine-vestibulaire-chronique\">Qu&rsquo;est-ce que la migraine vestibulaire chronique ?<\/a><\/li>\n<li><a href=\"#reconnaitre-les-symptomes-entre-vertiges-et-instabilite\">Reconna\u00eetre les sympt\u00f4mes entre vertiges et instabilit\u00e9<\/a><\/li>\n<li><a href=\"#le-parcours-du-diagnostic-et-les-criteres-ichd-3\">Le parcours du diagnostic et les crit\u00e8res ICHD-3<\/a><\/li>\n<li><a href=\"#les-causes-sous-jacentes-et-le-role-du-stress\">Les causes sous-jacentes et le r\u00f4le du stress<\/a><\/li>\n<li><a href=\"#strategies-de-traitement-et-reeducation\">Strat\u00e9gies de traitement et r\u00e9\u00e9ducation<\/a><\/li>\n<\/ol>\n<h2 id=\"quest-ce-que-la-migraine-vestibulaire-chronique\">Qu&rsquo;est-ce que la migraine vestibulaire chronique ?<\/h2>\n<p>Cette pathologie complexe se situe \u00e0 l&rsquo;<strong>intersection pr\u00e9cise de la neurologie et des troubles fonctionnels de l&rsquo;\u00e9quilibre<\/strong>.<\/p>\n<h3>Une d\u00e9finition pr\u00e9cise pour ne plus confondre<\/h3>\n<p>La <strong>migraine vestibulaire constitue un trouble neurologique distinct<\/strong>. Elle ne se r\u00e9sume pas \u00e0 un simple mal de t\u00eate passager. C&rsquo;est une affection sp\u00e9cifique touchant le syst\u00e8me nerveux central.<\/p>\n<p>Elle se distingue nettement de la migraine classique habituelle. La douleur c\u00e9phalique manque souvent \u00e0 l&rsquo;appel lors des crises. Vous pouvez ressentir des vertiges intenses sans aucune souffrance cr\u00e2nienne. <strong>Le diagnostic devient alors plus complexe \u00e0 \u00e9tablir<\/strong>.<\/p>\n<p>Le syst\u00e8me vestibulaire reste le <strong>v\u00e9ritable \u00e9picentre du probl\u00e8me<\/strong>. Ce m\u00e9canisme interne g\u00e8re directement votre stabilit\u00e9 et votre \u00e9quilibre.<\/p>\n<p>Ce chiffre illustre la pr\u00e9valence r\u00e9elle. <\/p>\n<blockquote><p><strong>La migraine vestibulaire est la cause la plus fr\u00e9quente de vertiges r\u00e9currents<\/strong> chez les patients migraineux, touchant environ 1% de la population.<\/p><\/blockquote>\n<h3>La nature chronique et la variabilit\u00e9 des crises<\/h3>\n<p>La dur\u00e9e des crises <strong>fluctue de mani\u00e8re consid\u00e9rable<\/strong>. Un \u00e9pisode peut s&rsquo;\u00e9tendre sur plusieurs jours complets. D&rsquo;autres fois, le vertige ne dure que quelques secondes br\u00e8ves.<\/p>\n<p><strong>La fr\u00e9quence des \u00e9pisodes varie selon chaque patient<\/strong>. Certains subissent ces troubles de fa\u00e7on quasi quotidienne. D&rsquo;autres connaissent des p\u00e9riodes d&rsquo;accalmie entre des crises tr\u00e8s espac\u00e9es.<\/p>\n<p>Une instabilit\u00e9 permanente persiste souvent entre les attaques aigu\u00ebs. Cette sensation de d\u00e9s\u00e9quilibre continu d\u00e9finit la nature chronique. <strong>Le patient ne r\u00e9cup\u00e8re jamais totalement sa stabilit\u00e9<\/strong>.<\/p>\n<p>Cette <strong>impr\u00e9visibilit\u00e9 totale domine le quotidien<\/strong>. Chaque exp\u00e9rience sensorielle diff\u00e8re.<\/p>\n<h2 id=\"reconnaitre-les-symptomes-entre-vertiges-et-instabilite\">Reconna\u00eetre les sympt\u00f4mes entre vertiges et instabilit\u00e9<\/h2>\n<p>Apr\u00e8s avoir d\u00e9fini le cadre, voyons concr\u00e8tement <strong>comment votre corps r\u00e9agit<\/strong> pendant ces \u00e9pisodes.<\/p>\n<h3>Les diff\u00e9rents types de vertiges sp\u00e9cifiques<\/h3>\n<p>Le vertige spontan\u00e9 survient brutalement sans pr\u00e9venir, d\u00e9fiant toute logique. Vous ressentez une <strong>rotation interne ou voyez l&rsquo;environnement tourner<\/strong> autour de vous. C&rsquo;est une sensation effrayante de chute ou de bascule totalement impr\u00e9visible.<\/p>\n<p>Le vertige induit visuellement pi\u00e8ge souvent les patients dans les supermarch\u00e9s. Votre cerveau sature face aux mouvements complexes ou aux lumi\u00e8res des \u00e9crans. Cette surcharge sensorielle <strong>d\u00e9clenche instantan\u00e9ment un \u00e9tourdissement intense<\/strong>. Vous perdez alors vos rep\u00e8res spatiaux dans la foule.<\/p>\n<ul>\n<li><strong>Le vertige positionnel<\/strong> d\u00e9clench\u00e9 par un mouvement de t\u00eate.<\/li>\n<li>Une <strong>sensation persistante de tangage<\/strong> comme sur un bateau.<\/li>\n<li>Une instabilit\u00e9 marqu\u00e9e \u00e0 la marche <strong>perturbant l&rsquo;\u00e9quilibre<\/strong>.<\/li>\n<li><strong>L&rsquo;illusion de mouvement du sol<\/strong> sous vos pieds.<\/li>\n<\/ul>\n<p>Ces perturbations vestibulaires s&rsquo;accompagnent fr\u00e9quemment de <strong>naus\u00e9es violentes<\/strong>. Votre estomac r\u00e9agit directement au conflit sensoriel envoy\u00e9 par l&rsquo;oreille interne. Parfois, cela rappelle le lien entre <a href=\"https:\/\/www.centreclea.fr\/conseils\/nausee-matinale-stress\/\">naus\u00e9e matinale et stress<\/a> intense.<\/p>\n<h3>Les signes sensoriels et maux de t\u00eate associ\u00e9s<\/h3>\n<p>La photophobie constitue un marqueur diagnostique majeur de cette pathologie. La lumi\u00e8re vive ou vacillante devient <strong>physiquement insupportable<\/strong> pour vos yeux. Vous cherchez instinctivement l&rsquo;obscurit\u00e9 pour apaiser cette agression visuelle.<\/p>\n<p>La phonophobie transforme les bruits ambiants en v\u00e9ritables sources de douleur. Les sons du quotidien semblent amplifi\u00e9s et agressent votre syst\u00e8me nerveux. <strong>Le silence devient alors votre seule \u00e9chappatoire possible<\/strong>.<\/p>\n<p>Retenez bien ceci : le mal de t\u00eate n&rsquo;est pas syst\u00e9matique ici. Les c\u00e9phal\u00e9es peuvent survenir avant, pendant ou apr\u00e8s la crise vertigineuse. Pourtant, pr\u00e8s de 30 % des crises se d\u00e9roulent sans aucune douleur cr\u00e2nienne. <strong>Ne vous fiez pas uniquement \u00e0 la douleur<\/strong>.<\/p>\n<p>Une <strong>fatigue physique extr\u00eame terrasse<\/strong> souvent le patient apr\u00e8s la crise. Le cerveau s&rsquo;\u00e9puise litt\u00e9ralement \u00e0 tenter de stabiliser votre \u00e9quilibre.<\/p>\n<h2 id=\"le-parcours-du-diagnostic-et-les-criteres-ichd-3\">Le parcours du diagnostic et les crit\u00e8res ICHD-3<\/h2>\n<h3>Comment distinguer la migraine de la maladie de Meni\u00e8re ?<\/h3>\n<p>Le diagnostic diff\u00e9rentiel constitue souvent un d\u00e9fi majeur pour les praticiens. La <strong>migraine vestibulaire se distingue principalement par l&rsquo;absence de surdit\u00e9 permanente<\/strong>, contrairement \u00e0 la maladie de Meni\u00e8re qui d\u00e9grade l&rsquo;audition. Cette nuance clinique change radicalement la prise en charge du patient.<\/p>\n<div style=\"overflow:auto;max-width:100%\">\n<table>\n<thead>\n<tr>\n<th>Crit\u00e8re<\/th>\n<th>Migraine Vestibulaire<\/th>\n<th>Maladie de Meni\u00e8re<\/th>\n<\/tr>\n<\/thead>\n<tbody>\n<tr>\n<td>Dur\u00e9e des crises<\/td>\n<td>5 minutes \u00e0 72 heures<\/td>\n<td>20 minutes \u00e0 12 heures<\/td>\n<\/tr>\n<tr>\n<td>Perte auditive<\/td>\n<td>Rare et transitoire<\/td>\n<td>Fr\u00e9quente, progressive et fluctuante<\/td>\n<\/tr>\n<tr>\n<td>Acouph\u00e8nes<\/td>\n<td>Possibles mais non syst\u00e9matiques<\/td>\n<td>Syst\u00e9matiques (bourdonnements)<\/td>\n<\/tr>\n<tr>\n<td>Sensibilit\u00e9 lumi\u00e8re<\/td>\n<td>Fr\u00e9quente (Photophobie)<\/td>\n<td>Rarement au premier plan<\/td>\n<\/tr>\n<\/tbody>\n<\/table>\n<\/div>\n<p>Il existe une zone grise o\u00f9 la distinction devient particuli\u00e8rement ardue. Certains patients cumulent malheureusement les deux pathologies, ce qui <strong>brouille consid\u00e9rablement les pistes diagnostiques<\/strong>. Les sympt\u00f4mes s&rsquo;entrem\u00ealent alors, n\u00e9cessitant une expertise pointue pour d\u00e9m\u00ealer l&rsquo;origine des vertiges. Cette comorbidit\u00e9 complique souvent l&rsquo;\u00e9laboration du traitement.<\/p>\n<p>Il ne faut pas confondre ces troubles avec le VPPB. Ses crises de <strong>vertige rotatoire restent beaucoup plus br\u00e8ves<\/strong>, durant souvent moins d&rsquo;une minute. Elles se d\u00e9clenchent m\u00e9caniquement lors des changements de position.<\/p>\n<h3>Les crit\u00e8res officiels et le r\u00f4le du sp\u00e9cialiste<\/h3>\n<p>La classification ICHD-3 impose un cadre strict pour valider ce trouble. Le patient doit avoir subi au moins <strong>cinq \u00e9pisodes de sympt\u00f4mes vestibulaires<\/strong> d&rsquo;intensit\u00e9 mod\u00e9r\u00e9e ou s\u00e9v\u00e8re. Ces crises doivent imp\u00e9rativement durer entre 5 minutes et 72 heures.<\/p>\n<p>Un crit\u00e8re d&rsquo;exclusion fondamental concerne le pass\u00e9 neurologique du malade. Le diagnostic exige formellement une histoire actuelle ou pass\u00e9e de migraine, avec ou sans aura. Sans cet ant\u00e9c\u00e9dent valid\u00e9, on <strong>ne peut conclure \u00e0 une migraine vestibulaire chronique<\/strong>.<\/p>\n<p>Vers quel expert devez-vous vous tourner pour confirmer ces hypoth\u00e8ses ? La <strong>consultation d&rsquo;un ORL ou d&rsquo;un neurologue sp\u00e9cialis\u00e9 dans les troubles de l&rsquo;\u00e9quilibre<\/strong> s&rsquo;av\u00e8re indispensable. Eux seuls poss\u00e8dent l&rsquo;expertise pour interpr\u00e9ter correctement ces signaux complexes.<\/p>\n<blockquote><p>Le diagnostic repose principalement sur l&rsquo;histoire clinique du patient, car aucun examen biologique ne peut confirmer seul la maladie.<\/p><\/blockquote>\n<h2 id=\"les-causes-sous-jacentes-et-le-role-du-stress\">Les causes sous-jacentes et le r\u00f4le du stress<\/h2>\n<h3>Facteurs g\u00e9n\u00e9tiques et comorbidit\u00e9s psychiatriques<\/h3>\n<p>La migraine vestibulaire chronique n&rsquo;est pas un hasard : elle s&rsquo;inscrit souvent dans une histoire familiale. Cette <strong>pr\u00e9disposition g\u00e9n\u00e9tique cr\u00e9e une vuln\u00e9rabilit\u00e9 neuronale<\/strong> sp\u00e9cifique, transmise silencieusement sur plusieurs g\u00e9n\u00e9rations.<\/p>\n<p>L&rsquo;anxi\u00e9t\u00e9 agit ici comme un puissant amplificateur de sympt\u00f4mes. La peur impr\u00e9visible du vertige d\u00e9clenche une r\u00e9action de d\u00e9fense qui, en retour, <strong>aggrave les d\u00e9sordres neurologiques et l&rsquo;instabilit\u00e9 ressentie<\/strong>.<\/p>\n<p>Vivre avec un sol qui se d\u00e9robe finit par <strong>user la r\u00e9sistance mentale<\/strong>. Cette instabilit\u00e9 permanente impacte lourdement le moral au quotidien, transformant chaque d\u00e9placement en une \u00e9preuve psychologique.<\/p>\n<p>Pour briser ce cercle vicieux, une bonne <a href=\"https:\/\/www.centreclea.fr\/conseils\/gestion-stress-vie\/\"><strong>gestion du stress<\/strong><\/a> devient alors un levier th\u00e9rapeutique indispensable.<\/p>\n<h3>Identifier et g\u00e9rer les d\u00e9clencheurs courants<\/h3>\n<p>Votre assiette cache parfois des ennemis redoutables pour votre \u00e9quilibre. Certains aliments riches en tyramine, comme le vieux fromage ou le chocolat noir, suffisent \u00e0 <strong>d\u00e9clencher une crise violente<\/strong>.<\/p>\n<p>D&rsquo;autres <strong>\u00e9l\u00e9ments perturbent l&rsquo;oreille interne<\/strong> et doivent \u00eatre surveill\u00e9s de pr\u00e8s :<\/p>\n<ul>\n<li><strong>manque de sommeil ou rythmes irr\u00e9guliers<\/strong> ;<\/li>\n<li><strong>stress \u00e9motionnel intense et anxi\u00e9t\u00e9<\/strong> ;<\/li>\n<li><strong>changements hormonaux et fluctuations menstruelles<\/strong> ;<\/li>\n<li><strong>stimuli visuels intenses ou lumi\u00e8res vacillantes<\/strong>.<\/li>\n<\/ul>\n<p>La m\u00e9moire est faillible, c&rsquo;est pourquoi la tenue d&rsquo;un journal de bord est recommand\u00e9e. Noter ses crises aide \u00e0 <strong>rep\u00e9rer des patterns invisibles<\/strong> \u00e0 l&rsquo;\u0153il nu et \u00e0 anticiper les \u00e9pisodes.<\/p>\n<p>Enfin, <strong>surveillez votre hydratation<\/strong>. Boire assez d&rsquo;eau est un geste simple mais souvent n\u00e9glig\u00e9 par les patients.<\/p>\n<h2 id=\"strategies-de-traitement-et-reeducation\">Strat\u00e9gies de traitement et r\u00e9\u00e9ducation<\/h2>\n<p>Heureusement, des solutions existent pour <strong>r\u00e9duire la fr\u00e9quence des crises et retrouver une vie normale<\/strong>.<\/p>\n<h3>Traitements m\u00e9dicamenteux de secours et pr\u00e9ventifs<\/h3>\n<p>Face \u00e0 l&rsquo;urgence, l&rsquo;objectif clinique est de <strong>stopper net le vertige invalidant<\/strong>. Les m\u00e9decins prescrivent souvent des anti-vertigineux classiques ou des triptans cibl\u00e9s. Ces mol\u00e9cules agissent rapidement sur les sympt\u00f4mes aigus.<\/p>\n<p>Pour la migraine vestibulaire chronique, les traitements de fond s&rsquo;av\u00e8rent absolument indispensables. Ils servent \u00e0 <strong>stabiliser le seuil d&rsquo;excitabilit\u00e9 c\u00e9r\u00e9brale<\/strong> sur le long terme. Des mol\u00e9cules comme les b\u00eata-bloquants sont souvent propos\u00e9es. Vous \u00e9vitez ainsi la r\u00e9currence des \u00e9pisodes.<\/p>\n<p>Certains patients explorent des options naturelles comme le magn\u00e9sium ou la riboflavine. L&rsquo;usage d&rsquo;<a href=\"https:\/\/www.centreclea.fr\/conseils\/nevralgie-arnold-huile\/\">huile essentielle pour nevralgie<\/a> peut parfois compl\u00e9ter cette strat\u00e9gie globale. Ces <strong>approches soutiennent le terrain sans effets secondaires<\/strong>.<\/p>\n<blockquote><p>L&rsquo;objectif du traitement pr\u00e9ventif est de r\u00e9duire la fr\u00e9quence des crises de 50% pour am\u00e9liorer la qualit\u00e9 de vie.<\/p><\/blockquote>\n<h3>La r\u00e9adaptation vestibulaire et la TCC<\/h3>\n<p>La r\u00e9\u00e9ducation vestibulaire, men\u00e9e par un kin\u00e9sith\u00e9rapeute sp\u00e9cialis\u00e9, constitue un pilier central. Elle aide le cerveau \u00e0 compenser les erreurs de signal envoy\u00e9es par l&rsquo;oreille interne. C&rsquo;est un <strong>v\u00e9ritable r\u00e9apprentissage de l&rsquo;\u00e9quilibre<\/strong>.<\/p>\n<p>Attention, cette r\u00e9\u00e9ducation doit imp\u00e9rativement se faire hors p\u00e9riode de crise aigu\u00eb. Si vous forcez pendant un \u00e9pisode, elle risque d&rsquo;aggraver temporairement les sympt\u00f4mes. Le timing est donc d\u00e9terminant pour l&rsquo;efficacit\u00e9. Il faut <strong>attendre la stabilisation<\/strong>.<\/p>\n<p>La Th\u00e9rapie Cognitivo-Comportementale (TCC) offre une r\u00e9ponse puissante \u00e0 l&rsquo;anxi\u00e9t\u00e9 associ\u00e9e. Elle est tr\u00e8s efficace pour <strong>briser le cercle vicieux vertige-anxi\u00e9t\u00e9<\/strong> qui s&rsquo;installe souvent. Vous apprenez \u00e0 g\u00e9rer l&rsquo;appr\u00e9hension des futures crises.<\/p>\n<ul>\n<li><strong>exercices de stabilisation du regard<\/strong><\/li>\n<li><strong>habituation visuelle<\/strong><\/li>\n<li><strong>travail sur l&rsquo;\u00e9quilibre statique<\/strong><\/li>\n<li><strong>gestion des \u00e9motions<\/strong><\/li>\n<\/ul>\n<p>Ce trouble neuro-vestibulaire persistant exige une approche globale, d\u00e9passant la simple gestion de la douleur. L&rsquo;identification rigoureuse des d\u00e9clencheurs, coupl\u00e9e \u00e0 une r\u00e9\u00e9ducation sp\u00e9cialis\u00e9e, constitue votre levier d&rsquo;action imm\u00e9diat pour espacer les crises. Une <strong>stabilit\u00e9 durable reste accessible<\/strong> en structurant votre parcours de soin d\u00e8s aujourd&rsquo;hui.<\/p>\n","protected":false},"excerpt":{"rendered":"<p>L&rsquo;essentiel \u00e0 retenir : la migraine vestibulaire chronique constitue un trouble neurologique majeur affectant l&rsquo;\u00e9quilibre, pouvant survenir sans c\u00e9phal\u00e9es associ\u00e9es. Identifier cette pathologie permet d&rsquo;expliquer des vertiges r\u00e9currents souvent confondus avec d&rsquo;autres affections de l&rsquo;oreille interne. Deuxi\u00e8me cause de vertiges touchant environ 1 % de la population, elle impose une prise en charge cibl\u00e9e de &#8230; <a title=\"Migraine vestibulaire chronique : diagnostic et traitements\" class=\"read-more\" href=\"https:\/\/www.centreclea.fr\/conseils\/migraine-vestibulaire\/\" aria-label=\"En savoir plus sur Migraine vestibulaire chronique : diagnostic et traitements\">Lire plus<\/a><\/p>\n","protected":false},"author":2,"featured_media":1183,"comment_status":"open","ping_status":"open","sticky":false,"template":"","format":"standard","meta":{"_acf_changed":false,"footnotes":""},"categories":[1],"tags":[],"class_list":["post-1182","post","type-post","status-publish","format-standard","has-post-thumbnail","hentry","category-conseils"],"acf":[],"_links":{"self":[{"href":"https:\/\/www.centreclea.fr\/conseils\/wp-json\/wp\/v2\/posts\/1182","targetHints":{"allow":["GET"]}}],"collection":[{"href":"https:\/\/www.centreclea.fr\/conseils\/wp-json\/wp\/v2\/posts"}],"about":[{"href":"https:\/\/www.centreclea.fr\/conseils\/wp-json\/wp\/v2\/types\/post"}],"author":[{"embeddable":true,"href":"https:\/\/www.centreclea.fr\/conseils\/wp-json\/wp\/v2\/users\/2"}],"replies":[{"embeddable":true,"href":"https:\/\/www.centreclea.fr\/conseils\/wp-json\/wp\/v2\/comments?post=1182"}],"version-history":[{"count":1,"href":"https:\/\/www.centreclea.fr\/conseils\/wp-json\/wp\/v2\/posts\/1182\/revisions"}],"predecessor-version":[{"id":1184,"href":"https:\/\/www.centreclea.fr\/conseils\/wp-json\/wp\/v2\/posts\/1182\/revisions\/1184"}],"wp:featuredmedia":[{"embeddable":true,"href":"https:\/\/www.centreclea.fr\/conseils\/wp-json\/wp\/v2\/media\/1183"}],"wp:attachment":[{"href":"https:\/\/www.centreclea.fr\/conseils\/wp-json\/wp\/v2\/media?parent=1182"}],"wp:term":[{"taxonomy":"category","embeddable":true,"href":"https:\/\/www.centreclea.fr\/conseils\/wp-json\/wp\/v2\/categories?post=1182"},{"taxonomy":"post_tag","embeddable":true,"href":"https:\/\/www.centreclea.fr\/conseils\/wp-json\/wp\/v2\/tags?post=1182"}],"curies":[{"name":"wp","href":"https:\/\/api.w.org\/{rel}","templated":true}]}}