{"id":1176,"date":"2026-02-19T09:11:00","date_gmt":"2026-02-19T08:11:00","guid":{"rendered":"https:\/\/www.centreclea.fr\/conseils\/?p=1176"},"modified":"2026-02-08T19:51:33","modified_gmt":"2026-02-08T18:51:33","slug":"deficience-intellectuelle","status":"publish","type":"post","link":"https:\/\/www.centreclea.fr\/conseils\/deficience-intellectuelle\/","title":{"rendered":"D\u00e9ficience intellectuelle s\u00e9v\u00e8re : sympt\u00f4mes et soutien"},"content":{"rendered":"<p style=\"padding: 24px; background: lightblue;\">L&rsquo;essentiel \u00e0 retenir : La d\u00e9ficience intellectuelle s\u00e9v\u00e8re, qui regroupe avec le niveau profond 5 % des cas, se traduit par une <strong>d\u00e9pendance importante dans les actes quotidiens<\/strong>. Si le trouble est permanent, l&rsquo;activation d&rsquo;une prise en charge multidisciplinaire reste le levier prioritaire pour maximiser l&rsquo;autonomie et s\u00e9curiser le parcours de vie du patient.<\/p>\n<p>Comment assurer la s\u00e9curit\u00e9 et le d\u00e9veloppement d&rsquo;une personne diagnostiqu\u00e9e avec une d\u00e9ficience intellectuelle s\u00e9v\u00e8re face aux lourdes contraintes de la d\u00e9pendance quotidienne ? Ce dossier technique d\u00e9cortique les m\u00e9canismes de ce trouble neurod\u00e9veloppemental pour expliciter le lien entre un quotient intellectuel bas et les limitations des fonctions adaptatives. Vous trouverez ici une analyse rigoureuse des \u00e9tiologies m\u00e9dicales, des protocoles d&rsquo;\u00e9valuation clinique et des structures d&rsquo;accueil sp\u00e9cialis\u00e9es indispensables pour <strong>b\u00e2tir un projet de vie adapt\u00e9 aux besoins de votre proche<\/strong>.<\/p>\n<ol>\n<li><a href=\"#comprendre-la-deficience-intellectuelle-severe\">Comprendre la d\u00e9ficience intellectuelle s\u00e9v\u00e8re<\/a><\/li>\n<li><a href=\"#symptomes-et-defis-du-quotidien\">Sympt\u00f4mes et d\u00e9fis du quotidien<\/a><\/li>\n<li><a href=\"#les-causes-identifiables-de-la-deficience-severe\">Les causes identifiables de la d\u00e9ficience s\u00e9v\u00e8re<\/a><\/li>\n<li><a href=\"#diagnostic-et-parcours-de-soins\">Diagnostic et parcours de soins<\/a><\/li>\n<li><a href=\"#accompagnement-et-structures-adaptees\">Accompagnement et structures adapt\u00e9es<\/a><\/li>\n<\/ol>\n<h2 id=\"comprendre-la-deficience-intellectuelle-severe\">Comprendre la d\u00e9ficience intellectuelle s\u00e9v\u00e8re<\/h2>\n<p>Apr\u00e8s avoir survol\u00e9 le sujet, entrons dans le vif du sujet pour <strong>d\u00e9finir pr\u00e9cis\u00e9ment ce qu&rsquo;implique ce diagnostic<\/strong> au quotidien.<\/p>\n<h3>D\u00e9finition et crit\u00e8res diagnostiques de la DI<\/h3>\n<p>La <strong>d\u00e9ficience intellectuelle est un trouble neurod\u00e9veloppemental<\/strong> impactant directement le raisonnement et les capacit\u00e9s d&rsquo;apprentissage. Elle limite la compr\u00e9hension de l&rsquo;environnement et freine l&rsquo;acquisition des comp\u00e9tences usuelles.<\/p>\n<p>Le DSM-5 impose de v\u00e9rifier des <strong>d\u00e9ficits simultan\u00e9s dans le fonctionnement intellectuel et le comportement adaptatif<\/strong>. Si certains cherchent des r\u00e9ponses ailleurs, comme <a href=\"https:\/\/www.centreclea.fr\/conseils\/herpes-psychologie\/\">herp\u00e8s signification psychologique : quand le corps parle<\/a>, le diagnostic m\u00e9dical ici se concentre strictement sur les aptitudes conceptuelles et sociales.<\/p>\n<p>Vous devez savoir que le diagnostic ne repose jamais uniquement sur un score de QI. <strong>L&rsquo;autonomie sociale et la capacit\u00e9 \u00e0 g\u00e9rer les exigences du quotidien<\/strong> comptent \u00e9norm\u00e9ment.<\/p>\n<p>Une \u00e9valuation globale est donc indispensable. <strong>Le clinicien reste le seul juge comp\u00e9tent<\/strong>.<\/p>\n<h3>Les quatre niveaux de s\u00e9v\u00e9rit\u00e9 : o\u00f9 se situe le stade s\u00e9v\u00e8re ?<\/h3>\n<p>On distingue <strong>quatre paliers de s\u00e9v\u00e9rit\u00e9<\/strong> : l\u00e9ger, mod\u00e9r\u00e9, s\u00e9v\u00e8re et profond. Cette classification permet de graduer l&rsquo;intensit\u00e9 du soutien requis pour assurer la s\u00e9curit\u00e9 et le bien-\u00eatre.<\/p>\n<div style=\"overflow:auto;max-width:100%\">\n<table>\n<thead>\n<tr>\n<th>Niveau de DI<\/th>\n<th>Quotient Intellectuel (QI) estim\u00e9<\/th>\n<th>Type de soutien requis<\/th>\n<\/tr>\n<\/thead>\n<tbody>\n<tr>\n<td>L\u00e9ger<\/td>\n<td>50-70<\/td>\n<td>Intermittent<\/td>\n<\/tr>\n<tr>\n<td>Mod\u00e9r\u00e9<\/td>\n<td>35-50<\/td>\n<td>Limit\u00e9 mais r\u00e9gulier<\/td>\n<\/tr>\n<tr>\n<td>S\u00e9v\u00e8re<\/td>\n<td>20-35<\/td>\n<td>\u00c9tendu \/ Constant<\/td>\n<\/tr>\n<tr>\n<td>Profond<\/td>\n<td>Inf\u00e9rieur \u00e0 20<\/td>\n<td>Omnipr\u00e9sent \/ Constant<\/td>\n<\/tr>\n<\/tbody>\n<\/table>\n<\/div>\n<p>La forme s\u00e9v\u00e8re repr\u00e9sente environ 3 \u00e0 4 % des cas totaux de d\u00e9ficience intellectuelle. C&rsquo;est un groupe restreint, mais dont les <strong>besoins intenses mobilisent des ressources consid\u00e9rables<\/strong>.<\/p>\n<p>L&rsquo;aide humaine est ici permanente et indispensable. On ne parle plus d&rsquo;<strong>autonomie compl\u00e8te<\/strong>.<\/p>\n<h3>Le quotient intellectuel et les limites du chiffrage<\/h3>\n<p>Pour une d\u00e9ficience intellectuelle s\u00e9v\u00e8re, le <strong>QI se situe techniquement entre 20 et 35<\/strong>. Ce chiffre reste purement indicatif et ne doit pas figer le potentiel per\u00e7u.<\/p>\n<p>Les tests classiques s&rsquo;av\u00e8rent souvent inadapt\u00e9s pour ces profils singuliers. Les professionnels utilisent plut\u00f4t des <strong>\u00e9chelles de d\u00e9veloppement sp\u00e9cifiques pour mesurer les comp\u00e9tences r\u00e9elles<\/strong> et les progr\u00e8s possibles.<\/p>\n<blockquote><p>Le score de QI n&rsquo;est qu&rsquo;un outil parmi d&rsquo;autres ; ce qui d\u00e9finit r\u00e9ellement la personne, c&rsquo;est sa capacit\u00e9 \u00e0 interagir avec son environnement au quotidien.<\/p><\/blockquote>\n<p><strong>L&rsquo;observation clinique prime toujours sur les math\u00e9matiques<\/strong>. Le score brut ne dit pas tout.<\/p>\n<h2 id=\"symptomes-et-defis-du-quotidien\">Sympt\u00f4mes et d\u00e9fis du quotidien<\/h2>\n<p>Mais au-del\u00e0 des statistiques froides, <strong>comment la d\u00e9ficience intellectuelle s\u00e9v\u00e8re se traduit-elle concr\u00e8tement<\/strong> pour la personne concern\u00e9e et ses proches ?<\/p>\n<h3>Communication et langage en cas de handicap s\u00e9v\u00e8re<\/h3>\n<p>Le langage se r\u00e9sume bien souvent \u00e0 des mots simples isol\u00e9s ou \u00e0 des gestes rudimentaires. Si l&rsquo;expression verbale reste laborieuse et limit\u00e9e, <strong>la capacit\u00e9 de compr\u00e9hension d\u00e9passe fr\u00e9quemment ce que la personne parvient \u00e0 verbaliser<\/strong>.<\/p>\n<p>Pour \u00e9changer efficacement, il faut <strong>adopter des strat\u00e9gies sp\u00e9cifiques et s&rsquo;armer de patience<\/strong> :<\/p>\n<ul>\n<li>Utilisation de <strong>pictogrammes pour visualiser les besoins<\/strong> imm\u00e9diats.<\/li>\n<li><strong>Recours aux signes simplifi\u00e9s<\/strong> pour appuyer la parole.<\/li>\n<li><strong>Importance capitale des expressions faciales pour d\u00e9coder l&rsquo;\u00e9motion<\/strong>.<\/li>\n<li>N\u00e9cessit\u00e9 d&rsquo;un <strong>temps de r\u00e9ponse long<\/strong> pour traiter l&rsquo;information.<\/li>\n<\/ul>\n<p>Certains ne d\u00e9veloppent malheureusement pas de parole verbale fonctionnelle au cours de leur vie. On parle alors de <strong>communication alternative<\/strong>, un ensemble de techniques palliant l&rsquo;absence de mots par des supports visuels.<\/p>\n<p>L&rsquo;entourage doit imp\u00e9rativement apprendre ce code unique. C&rsquo;est un lien vital pour <strong>briser l&rsquo;isolement<\/strong>.<\/p>\n<h3>Autonomie limit\u00e9e et besoin d&rsquo;assistance permanente<\/h3>\n<p>L&rsquo;hygi\u00e8ne corporelle et l&rsquo;habillage ne sont g\u00e9n\u00e9ralement pas des acquis autonomes. Ces gestes \u00e9l\u00e9mentaires exigent une supervision constante, voire une <strong>assistance quotidienne physique pour garantir la dignit\u00e9<\/strong>.<\/p>\n<p>La s\u00e9curit\u00e9 constitue un enjeu majeur au domicile comme \u00e0 l&rsquo;ext\u00e9rieur. Faute de jugement mature, la personne ne per\u00e7oit pas toujours les dangers imm\u00e9diats, ce qui <strong>impose une vigilance de tous les instants<\/strong>.<\/p>\n<p>L&rsquo;alimentation se complique parfois, notamment lorsque des <strong>troubles de la d\u00e9glutition<\/strong> apparaissent. Les soucis digestifs sont fr\u00e9quents, rappelant le lien entre <a href=\"https:\/\/www.centreclea.fr\/conseils\/constipation-mal-de-dos\/\">constipation mal dos : le transit p\u00e8se sur vos lombaires<\/a> et le confort global.<\/p>\n<p>L&rsquo;ind\u00e9pendance totale reste illusoire dans ce contexte. <strong>Le soutien humain demeure le pilier ind\u00e9fectible<\/strong>.<\/p>\n<h3>Comorbidit\u00e9s m\u00e9dicales et troubles associ\u00e9s<\/h3>\n<p>Le tableau clinique inclut tr\u00e8s fr\u00e9quemment des <strong>troubles comme l&rsquo;\u00e9pilepsie<\/strong>, touchant une large part de cette population. Les probl\u00e8mes moteurs, limitant les d\u00e9placements autonomes, sont aussi tr\u00e8s r\u00e9guliers et invalidants.<\/p>\n<p>\u00c0 cela s&rsquo;ajoutent souvent des troubles sensoriels, qu&rsquo;ils soient visuels ou auditifs. Ces d\u00e9ficits non corrig\u00e9s <strong>aggravent consid\u00e9rablement le sentiment d&rsquo;isolement<\/strong> et freinent les rares opportunit\u00e9s d&rsquo;apprentissage encore possibles.<\/p>\n<p>Les troubles du comportement ne sont pas rares et d\u00e9stabilisent l&rsquo;entourage. L&rsquo;anxi\u00e9t\u00e9 massive peut se manifester par de l&rsquo;agitation motrice, <strong>n\u00e9cessitant une prise en charge m\u00e9dicale adapt\u00e9e<\/strong> pour apaiser la souffrance.<\/p>\n<p>Un <strong>suivi somatique r\u00e9gulier<\/strong> est vital. Chaque changement de sympt\u00f4me doit \u00eatre analys\u00e9 minutieusement.<\/p>\n<h2 id=\"les-causes-identifiables-de-la-deficience-severe\">Les causes identifiables de la d\u00e9ficience s\u00e9v\u00e8re<\/h2>\n<p>Pour mieux soigner ou accompagner, il faut souvent <strong>remonter \u00e0 la source du trouble<\/strong>.<\/p>\n<h3>Origines g\u00e9n\u00e9tiques et anomalies chromosomiques<\/h3>\n<p>Plus la d\u00e9ficience intellectuelle s\u00e9v\u00e8re est marqu\u00e9e, plus la <strong>probabilit\u00e9 de d\u00e9celer une cause biologique pr\u00e9cise grimpe en fl\u00e8che<\/strong>. La g\u00e9n\u00e9tique constitue tr\u00e8s souvent la premi\u00e8re ligne d&rsquo;investigation m\u00e9dicale.<\/p>\n<p>On pense imm\u00e9diatement \u00e0 la Trisomie 21 ou au syndrome de l&rsquo;X fragile. Ces <strong>anomalies chromosomiques restent des causes classiques<\/strong>, parfaitement document\u00e9es par la science, expliquant une part significative des diagnostics pos\u00e9s tr\u00e8s t\u00f4t.<\/p>\n<p>Il existe aussi des mutations de novo. Ce sont de v\u00e9ritables <strong>accidents g\u00e9n\u00e9tiques survenant spontan\u00e9ment<\/strong> lors de la conception, sans avoir \u00e9t\u00e9 h\u00e9rit\u00e9s du patrimoine g\u00e9n\u00e9tique des parents.<\/p>\n<p>La recherche avance vite : le <strong>s\u00e9quen\u00e7age g\u00e9n\u00e9tique aide d\u00e9sormais concr\u00e8tement les familles<\/strong>.<\/p>\n<h3>Facteurs pr\u00e9nataux et p\u00e9rinataux<\/h3>\n<p>L&rsquo;exposition aux toxiques durant la grossesse p\u00e8se lourd. L&rsquo;alcoolisation f\u0153tale demeure une cause majeure, pourtant totalement \u00e9vitable, de <strong>troubles neurod\u00e9veloppementaux graves<\/strong> affectant le f\u0153tus.<\/p>\n<p>Les infections maternelles ne pardonnent pas toujours. La rub\u00e9ole ou le cytom\u00e9galovirus peuvent causer des <strong>dommages c\u00e9r\u00e9braux irr\u00e9versibles<\/strong> en attaquant directement le syst\u00e8me nerveux en formation, laissant des s\u00e9quelles cognitives lourdes.<\/p>\n<p>L&rsquo;anoxie lors de la naissance inqui\u00e8te l\u00e9gitimement les m\u00e9decins. Ce manque brutal d&rsquo;oxyg\u00e8ne durant l&rsquo;accouchement reste un <strong>facteur de risque s\u00e9rieux pour le cerveau fragile du nouveau-n\u00e9<\/strong>.<\/p>\n<p>La <strong>pr\u00e9vention reste le meilleur outil<\/strong>. Un suivi de grossesse rigoureux est indispensable.<\/p>\n<h3>Causes postnatales et environnementales<\/h3>\n<p>Les traumatismes cr\u00e2niens pr\u00e9coces brisent des trajectoires. De simples accidents domestiques ou des chutes violentes peuvent laisser des <strong>s\u00e9quelles neurologiques lourdes<\/strong> sur un cerveau en plein d\u00e9veloppement.<\/p>\n<p>Parler des infections comme la m\u00e9ningite est n\u00e9cessaire. Si elle n&rsquo;est pas trait\u00e9e \u00e0 temps, <strong>le cerveau peut subir des l\u00e9sions massives<\/strong>, d\u00e9truisant des zones cl\u00e9s de l&rsquo;intelligence.<\/p>\n<p>On sous-estime parfois les carences affectives extr\u00eames. Bien que rares, ces situations de n\u00e9gligence s\u00e9v\u00e8re peuvent <strong>freiner le d\u00e9veloppement intellectuel de fa\u00e7on dramatique et durable<\/strong>.<\/p>\n<p>L&rsquo;environnement joue un r\u00f4le protecteur. La stimulation pr\u00e9coce <strong>sauve litt\u00e9ralement des capacit\u00e9s<\/strong>.<\/p>\n<h2 id=\"diagnostic-et-parcours-de-soins\">Diagnostic et parcours de soins<\/h2>\n<p>Une fois les doutes install\u00e9s, le parcours m\u00e9dical commence pour <strong>poser des mots sur les maux<\/strong>.<\/p>\n<h3>Le processus d&rsquo;\u00e9valuation pluridisciplinaire<\/h3>\n<p>Confirmer une d\u00e9ficience intellectuelle s\u00e9v\u00e8re exige l&rsquo;avis crois\u00e9 de plusieurs experts. Le neurop\u00e9diatre et le psychologue collaborent \u00e9troitement pour analyser le d\u00e9veloppement global. Cette expertise conjointe <strong>s\u00e9curise le diagnostic<\/strong>.<\/p>\n<p>L&rsquo;investigation repose sur une batterie d&rsquo;examens standardis\u00e9s. Vous verrez que <strong>rien n&rsquo;est laiss\u00e9 au hasard<\/strong> dans cette \u00e9tape :<\/p>\n<ul>\n<li><strong>Tests psychom\u00e9triques adapt\u00e9s au niveau cognitif<\/strong>.<\/li>\n<li><strong>Bilans orthophoniques complets<\/strong>.<\/li>\n<li><strong>\u00c9valuations de la psychomotricit\u00e9<\/strong>.<\/li>\n<li><strong>Entretiens approfondis<\/strong> avec les parents.<\/li>\n<\/ul>\n<p>L&rsquo;\u00e9quipe m\u00e9dicale prescrit souvent des examens biologiques compl\u00e9mentaires. On cherche parfois un lien avec une <a href=\"https:\/\/www.centreclea.fr\/conseils\/crp-elevee-cancer-lien\/\">CRP \u00e9lev\u00e9e et cancer : interpr\u00e9ter le signal d&rsquo;alarme<\/a> pour \u00e9carter d&rsquo;autres pathologies. Cette \u00e9tape <strong>valide l&rsquo;origine neurod\u00e9veloppementale<\/strong>.<\/p>\n<p>L&rsquo;objectif final reste de <strong>dresser un profil individuel pr\u00e9cis<\/strong>. Chaque enfant est unique.<\/p>\n<h3>L&rsquo;importance du d\u00e9pistage pr\u00e9coce<\/h3>\n<p>Intervenir t\u00f4t change radicalement la trajectoire de d\u00e9veloppement de l&rsquo;enfant. La plasticit\u00e9 c\u00e9r\u00e9brale atteint son niveau maximal durant les premi\u00e8res ann\u00e9es de vie. C&rsquo;est une <strong>fen\u00eatre d&rsquo;opportunit\u00e9 \u00e0 saisir<\/strong>.<\/p>\n<p>Le d\u00e9pistage permet d&rsquo;orienter rapidement la famille vers les structures ad\u00e9quates. En France, <strong>les CAMSP s&rsquo;imposent comme les structures de r\u00e9f\u00e9rence<\/strong> pour les tout-petits. Ils coordonnent les soins n\u00e9cessaires. Vous gagnez un temps pr\u00e9cieux.<\/p>\n<p>Cette d\u00e9marche r\u00e9duit consid\u00e9rablement le stress et l&rsquo;incertitude parentale. Mettre un nom pr\u00e9cis sur le trouble aide enfin \u00e0 avancer concr\u00e8tement. Vous sortez du flou pour agir.<\/p>\n<p>N&rsquo;attendez surtout pas si vous avez le moindre doute. <strong>Votre intuition est souvent juste<\/strong>.<\/p>\n<h3>R\u00f4le des sp\u00e9cialistes dans le suivi long terme<\/h3>\n<p>Le suivi m\u00e9dical ne s&rsquo;arr\u00eate \u00e9videmment pas une fois le diagnostic pos\u00e9. Il <strong>\u00e9volue n\u00e9cessairement avec l&rsquo;\u00e2ge et les besoins changeants<\/strong>. C&rsquo;est un processus dynamique.<\/p>\n<p>L&rsquo;\u00e9ducateur sp\u00e9cialis\u00e9 devient rapidement un pilier central du quotidien. Ce professionnel travaille quotidiennement sur l&rsquo;autonomie et favorise l&rsquo;insertion sociale, m\u00eame limit\u00e9e. Il <strong>transforme les petits d\u00e9fis en victoires concr\u00e8tes<\/strong>.<\/p>\n<p>Le psychiatre intervient pour la <strong>gestion des troubles du comportement associ\u00e9s<\/strong>. Parfois, un avis sur un traitement comme le <a href=\"https:\/\/www.centreclea.fr\/conseils\/nervicil-avis-efficace\/\">nervicil avis<\/a> est demand\u00e9 pour apaiser certains sympt\u00f4mes. Cette aide m\u00e9dicamenteuse reste ponctuelle.<\/p>\n<p>La coordination entre ces acteurs est <strong>la cl\u00e9 du succ\u00e8s<\/strong>. Personne ne doit rester seul.<\/p>\n<h2 id=\"accompagnement-et-structures-adaptees\">Accompagnement et structures adapt\u00e9es<\/h2>\n<p>Vivre avec une d\u00e9ficience intellectuelle s\u00e9v\u00e8re demande un cadre protecteur solide et des solutions concr\u00e8tes pour l&rsquo;avenir. Il ne s&rsquo;agit pas seulement de soins, mais de <strong>construire un projet de vie coh\u00e9rent<\/strong> pour la personne concern\u00e9e.<\/p>\n<h3>Scolarit\u00e9 et \u00e9ducation sp\u00e9cialis\u00e9e<\/h3>\n<p>L&rsquo;\u00e9cole ordinaire s&rsquo;av\u00e8re rarement possible face aux d\u00e9fis d&rsquo;une d\u00e9ficience intellectuelle s\u00e9v\u00e8re. <strong>Les Instituts M\u00e9dico-\u00c9ducatifs (IME) offrent heureusement un cadre adapt\u00e9 et s\u00e9curisant<\/strong>. C&rsquo;est une alternative indispensable.<\/p>\n<p>Ici, le projet p\u00e9dagogique est enti\u00e8rement individualis\u00e9 pour chaque enfant. On se concentre sur les apprentissages fonctionnels essentiels et la vie en groupe. L&rsquo;objectif reste <strong>l&rsquo;autonomie maximale au quotidien<\/strong>. Tout est pens\u00e9 pour leur rythme.<\/p>\n<p>Il faut changer notre regard sur la r\u00e9ussite scolaire classique. <\/p>\n<blockquote><p><strong>L&rsquo;\u00e9ducation ne s&rsquo;arr\u00eate pas aux livres<\/strong> ; pour ces enfants, apprendre \u00e0 tenir une cuill\u00e8re est une victoire immense.<\/p><\/blockquote>\n<p> Cette perspective change tout.<\/p>\n<p><strong>Chaque progr\u00e8s compte<\/strong>, aussi petit soit-il. C&rsquo;est un v\u00e9ritable travail de patience.<\/p>\n<h3>L&rsquo;insertion en milieu prot\u00e9g\u00e9 \u00e0 l&rsquo;\u00e2ge adulte<\/h3>\n<p>\u00c0 l&rsquo;\u00e2ge adulte, les ESAT prennent souvent le relais pour maintenir une activit\u00e9. Le travail reste un <strong>vecteur puissant de dignit\u00e9 et d&rsquo;int\u00e9gration sociale<\/strong>. C&rsquo;est vital pour l&rsquo;estime de soi.<\/p>\n<p>Pour les cas les plus s\u00e9v\u00e8res, les Foyers de Vie sont souvent pr\u00e9f\u00e9rables. Ils proposent des activit\u00e9s stimulantes sans aucune pression de productivit\u00e9 \u00e9conomique. Le rythme y est beaucoup plus doux. <strong>L&rsquo;humain prime sur le rendement<\/strong>.<\/p>\n<p>Le but principal est de <strong>maintenir un lien social fort<\/strong> au quotidien. L&rsquo;isolement social repr\u00e9sente le plus grand danger pour ces adultes vuln\u00e9rables. Il faut absolument l&rsquo;\u00e9viter.<\/p>\n<p><strong>La structure doit s&rsquo;adapter \u00e0 l&rsquo;homme<\/strong>. Et non l&rsquo;inverse.<\/p>\n<h3>Soutien familial et r\u00e9pit pour les aidants<\/h3>\n<p>Les familles se retrouvent souvent <strong>\u00e9puis\u00e9es par la charge mentale et physique<\/strong>. S&rsquo;occuper d&rsquo;une DI s\u00e9v\u00e8re est un marathon sans fin qui n\u00e9cessite un soutien familial solide. Vous ne pouvez pas tout porter.<\/p>\n<p>Heureusement, des <strong>solutions de r\u00e9pit existent<\/strong> pour \u00e9viter le burn-out. Des accueils temporaires permettent aux parents de souffler quelques jours sereinement. Ces pauses sont n\u00e9cessaires pour durer. N&rsquo;ayez pas peur de les solliciter.<\/p>\n<p>Les associations de parents sont \u00e9galement des ressources pr\u00e9cieuses et incontournables. Elles permettent de <strong>partager des conseils pratiques et de ne plus se sentir seul<\/strong>. L&rsquo;\u00e9change entre pairs rassure \u00e9norm\u00e9ment.<\/p>\n<p>Prenez soin de vous pour <strong>mieux les aider<\/strong>. C&rsquo;est une r\u00e8gle d&rsquo;or absolue.<\/p>\n<p>La prise en charge d&rsquo;une d\u00e9ficience intellectuelle s\u00e9v\u00e8re exige une compr\u00e9hension lucide des limitations cognitives et adaptatives. Si l&rsquo;autonomie totale reste hors de port\u00e9e, l&rsquo;intervention pr\u00e9coce d&rsquo;une \u00e9quipe pluridisciplinaire permet de <strong>maximiser le potentiel existant<\/strong>. Misez sur un accompagnement structur\u00e9 pour offrir s\u00e9curit\u00e9 et dignit\u00e9 \u00e0 votre proche.<\/p>\n","protected":false},"excerpt":{"rendered":"<p>L&rsquo;essentiel \u00e0 retenir : La d\u00e9ficience intellectuelle s\u00e9v\u00e8re, qui regroupe avec le niveau profond 5 % des cas, se traduit par une d\u00e9pendance importante dans les actes quotidiens. Si le trouble est permanent, l&rsquo;activation d&rsquo;une prise en charge multidisciplinaire reste le levier prioritaire pour maximiser l&rsquo;autonomie et s\u00e9curiser le parcours de vie du patient. Comment &#8230; <a title=\"D\u00e9ficience intellectuelle s\u00e9v\u00e8re : sympt\u00f4mes et soutien\" class=\"read-more\" href=\"https:\/\/www.centreclea.fr\/conseils\/deficience-intellectuelle\/\" aria-label=\"En savoir plus sur D\u00e9ficience intellectuelle s\u00e9v\u00e8re : sympt\u00f4mes et soutien\">Lire plus<\/a><\/p>\n","protected":false},"author":2,"featured_media":1177,"comment_status":"open","ping_status":"open","sticky":false,"template":"","format":"standard","meta":{"_acf_changed":false,"footnotes":""},"categories":[1],"tags":[],"class_list":["post-1176","post","type-post","status-publish","format-standard","has-post-thumbnail","hentry","category-conseils"],"acf":[],"_links":{"self":[{"href":"https:\/\/www.centreclea.fr\/conseils\/wp-json\/wp\/v2\/posts\/1176","targetHints":{"allow":["GET"]}}],"collection":[{"href":"https:\/\/www.centreclea.fr\/conseils\/wp-json\/wp\/v2\/posts"}],"about":[{"href":"https:\/\/www.centreclea.fr\/conseils\/wp-json\/wp\/v2\/types\/post"}],"author":[{"embeddable":true,"href":"https:\/\/www.centreclea.fr\/conseils\/wp-json\/wp\/v2\/users\/2"}],"replies":[{"embeddable":true,"href":"https:\/\/www.centreclea.fr\/conseils\/wp-json\/wp\/v2\/comments?post=1176"}],"version-history":[{"count":1,"href":"https:\/\/www.centreclea.fr\/conseils\/wp-json\/wp\/v2\/posts\/1176\/revisions"}],"predecessor-version":[{"id":1178,"href":"https:\/\/www.centreclea.fr\/conseils\/wp-json\/wp\/v2\/posts\/1176\/revisions\/1178"}],"wp:featuredmedia":[{"embeddable":true,"href":"https:\/\/www.centreclea.fr\/conseils\/wp-json\/wp\/v2\/media\/1177"}],"wp:attachment":[{"href":"https:\/\/www.centreclea.fr\/conseils\/wp-json\/wp\/v2\/media?parent=1176"}],"wp:term":[{"taxonomy":"category","embeddable":true,"href":"https:\/\/www.centreclea.fr\/conseils\/wp-json\/wp\/v2\/categories?post=1176"},{"taxonomy":"post_tag","embeddable":true,"href":"https:\/\/www.centreclea.fr\/conseils\/wp-json\/wp\/v2\/tags?post=1176"}],"curies":[{"name":"wp","href":"https:\/\/api.w.org\/{rel}","templated":true}]}}